{"id":10037,"date":"2019-10-21T11:32:26","date_gmt":"2019-10-21T09:32:26","guid":{"rendered":"https:\/\/www.sauletekio.vilniausr.lm.lt\/?p=10037"},"modified":"2020-02-07T09:19:59","modified_gmt":"2020-02-07T07:19:59","slug":"mokytojo-tv","status":"publish","type":"post","link":"https:\/\/www.sauletekio.vilniausr.lm.lt\/?p=10037","title":{"rendered":"\u201eMOKYTOJO TV\u201c"},"content":{"rendered":"<div class=\"fcbkbttn_buttons_block\" id=\"fcbkbttn_left\"><div class=\"fcbkbttn_like \"><fb:like href=\"https:\/\/www.sauletekio.vilniausr.lm.lt\/?p=10037\" action=\"like\" colorscheme=\"light\" layout=\"button_count\"  size=\"small\"><\/fb:like><\/div><div class=\"fb-share-button  \" data-href=\"https:\/\/www.sauletekio.vilniausr.lm.lt\/?p=10037\" data-type=\"button_count\" data-size=\"small\"><\/div><\/div>\n<p>Spalio 4 d. Bezdoni\u0173 \u201eSaul\u0117tekio\u201c pagrindin\u0117je mokykloje vyko Mokytoj\u0173 dienos \u0161vent\u0117. Joje mokiniai pristat\u0117 nauj\u0105 TV kanal\u0105 \u201eMokytojo TV\u201c. Mokiniai filmavo reporta\u017eus ir laidas apie mokyklos gyvenim\u0105: \u201ePanorama\u201c, \u201eKlausim\u0117lis\u201c. Sveikinim\u0173 koncert\u0105 dovanojo mokyklos pradini\u0173 ir&nbsp;vyresni\u0173j\u0173 klasi\u0173 chorai bei 1-os klas\u0117s \u0161oki\u0173 kolektyvas.&nbsp;<\/p>\n<p>Mokytojus sveikino ir i\u0161kilming\u0105 kalb\u0105 pasak\u0117 laikinasis mokyklos direktorius Aleksas Azarenko.&nbsp;<\/p>\n<p>Mokykloje vyko \u201eMet\u0173 mokytojo\u201c rinkimai!<br>1-4 klasi\u0173 met\u0173 mokytoja tapo Gintar\u0117 Masalskien\u0117;<br>5-10 klasi\u0173 met\u0173 mokytoja tapo Judita Kuralavi\u010di\u016bt\u0117.&nbsp;<\/p>\n<p>Sveikiname Mokytojus ir linkime s\u0117km\u0117s !<\/p>\n\n\n\nngg_shortcode_0_placeholder\n\n\n\n<p>\n\n\n\n\n\n\n\n\n\n\n\n\n\n\n\n\n\nMokini\u0173\ntarybos koordinator\u0117 Judita Kuralavi\u010di\u016bt\u0117.&nbsp;\n\n\n\n<\/p>\n","protected":false},"excerpt":{"rendered":"<p>Spalio 4 d. Bezdoni\u0173 \u201eSaul\u0117tekio\u201c pagrindin\u0117je mokykloje vyko Mokytoj\u0173 dienos \u0161vent\u0117. Joje mokiniai pristat\u0117 nauj\u0105 TV kanal\u0105 \u201eMokytojo TV\u201c. Mokiniai filmavo reporta\u017eus ir laidas apie mokyklos gyvenim\u0105: \u201ePanorama\u201c, \u201eKlausim\u0117lis\u201c. Sveikinim\u0173 koncert\u0105 dovanojo mokyklos pradini\u0173 ir&nbsp;vyresni\u0173j\u0173 klasi\u0173 chorai bei 1-os klas\u0117s \u0161oki\u0173 kolektyvas.&nbsp; Mokytojus sveikino ir i\u0161kilming\u0105 kalb\u0105 pasak\u0117 laikinasis mokyklos&#8230;<\/p>\n<p> <a class=\"continue-reading-link\" href=\"https:\/\/www.sauletekio.vilniausr.lm.lt\/?p=10037\"><span>T\u0119sti skaitym\u0105<\/span><i class=\"crycon-right-dir\"><\/i><\/a> <\/p>\n","protected":false},"author":1,"featured_media":10038,"comment_status":"closed","ping_status":"closed","sticky":false,"template":"","format":"standard","meta":{"_uag_custom_page_level_css":"","advgb_blocks_editor_width":"","advgb_blocks_columns_visual_guide":"","ngg_post_thumbnail":0,"footnotes":""},"categories":[1],"tags":[],"class_list":["post-10037","post","type-post","status-publish","format-standard","has-post-thumbnail","hentry","category-ugdymas"],"author_meta":{"display_name":"admin","author_link":"https:\/\/www.sauletekio.vilniausr.lm.lt\/?author=1"},"featured_img":"https:\/\/www.sauletekio.vilniausr.lm.lt\/wp-content\/uploads\/2019\/10\/10-300x200.jpg","uagb_featured_image_src":{"full":["https:\/\/www.sauletekio.vilniausr.lm.lt\/wp-content\/uploads\/2019\/10\/10.jpg",820,547,false],"thumbnail":["https:\/\/www.sauletekio.vilniausr.lm.lt\/wp-content\/uploads\/2019\/10\/10-150x150.jpg",150,150,true],"medium":["https:\/\/www.sauletekio.vilniausr.lm.lt\/wp-content\/uploads\/2019\/10\/10-300x200.jpg",300,200,true],"medium_large":["https:\/\/www.sauletekio.vilniausr.lm.lt\/wp-content\/uploads\/2019\/10\/10-768x512.jpg",768,512,true],"large":["https:\/\/www.sauletekio.vilniausr.lm.lt\/wp-content\/uploads\/2019\/10\/10.jpg",800,534,false],"1536x1536":["https:\/\/www.sauletekio.vilniausr.lm.lt\/wp-content\/uploads\/2019\/10\/10.jpg",820,547,false],"2048x2048":["https:\/\/www.sauletekio.vilniausr.lm.lt\/wp-content\/uploads\/2019\/10\/10.jpg",820,547,false],"post-thumbnail":["https:\/\/www.sauletekio.vilniausr.lm.lt\/wp-content\/uploads\/2019\/10\/10.jpg",150,100,false],"header":["https:\/\/www.sauletekio.vilniausr.lm.lt\/wp-content\/uploads\/2019\/10\/10.jpg",270,180,false],"slider":["https:\/\/www.sauletekio.vilniausr.lm.lt\/wp-content\/uploads\/2019\/10\/10.jpg",820,547,false],"columns":["https:\/\/www.sauletekio.vilniausr.lm.lt\/wp-content\/uploads\/2019\/10\/10.jpg",400,267,false],"custom":["https:\/\/www.sauletekio.vilniausr.lm.lt\/wp-content\/uploads\/2019\/10\/10.jpg",350,233,false]},"uagb_author_info":{"display_name":"admin","author_link":"https:\/\/www.sauletekio.vilniausr.lm.lt\/?author=1"},"uagb_comment_info":0,"uagb_excerpt":"Spalio 4 d. Bezdoni\u0173 \u201eSaul\u0117tekio\u201c pagrindin\u0117je mokykloje vyko Mokytoj\u0173 dienos \u0161vent\u0117. Joje mokiniai pristat\u0117 nauj\u0105 TV kanal\u0105 \u201eMokytojo TV\u201c. Mokiniai filmavo reporta\u017eus ir laidas apie mokyklos gyvenim\u0105: \u201ePanorama\u201c, \u201eKlausim\u0117lis\u201c. Sveikinim\u0173 koncert\u0105 dovanojo mokyklos pradini\u0173 ir&nbsp;vyresni\u0173j\u0173 klasi\u0173 chorai bei 1-os klas\u0117s \u0161oki\u0173 kolektyvas.&nbsp; Mokytojus sveikino ir i\u0161kilming\u0105 kalb\u0105 pasak\u0117 laikinasis mokyklos... T\u0119sti skaitym\u0105","coauthors":[],"tax_additional":{"categories":{"linked":["<a href=\"https:\/\/www.sauletekio.vilniausr.lm.lt\/?cat=1\" class=\"advgb-post-tax-term\">Ugdymas<\/a>"],"unlinked":["<span class=\"advgb-post-tax-term\">Ugdymas<\/span>"]}},"comment_count":"0","relative_dates":{"created":"Posted 7 metai ago","modified":"Updated 6 metai ago"},"absolute_dates":{"created":"Posted on 2019-10-21","modified":"Updated on 2020-02-07"},"absolute_dates_time":{"created":"Posted on 2019-10-21 11:32","modified":"Updated on 2020-02-07 9:19"},"featured_img_caption":"SAMSUNG CAMERA PICTURES","series_order":"","_links":{"self":[{"href":"https:\/\/www.sauletekio.vilniausr.lm.lt\/index.php?rest_route=\/wp\/v2\/posts\/10037","targetHints":{"allow":["GET"]}}],"collection":[{"href":"https:\/\/www.sauletekio.vilniausr.lm.lt\/index.php?rest_route=\/wp\/v2\/posts"}],"about":[{"href":"https:\/\/www.sauletekio.vilniausr.lm.lt\/index.php?rest_route=\/wp\/v2\/types\/post"}],"author":[{"embeddable":true,"href":"https:\/\/www.sauletekio.vilniausr.lm.lt\/index.php?rest_route=\/wp\/v2\/users\/1"}],"replies":[{"embeddable":true,"href":"https:\/\/www.sauletekio.vilniausr.lm.lt\/index.php?rest_route=%2Fwp%2Fv2%2Fcomments&post=10037"}],"version-history":[{"count":2,"href":"https:\/\/www.sauletekio.vilniausr.lm.lt\/index.php?rest_route=\/wp\/v2\/posts\/10037\/revisions"}],"predecessor-version":[{"id":10564,"href":"https:\/\/www.sauletekio.vilniausr.lm.lt\/index.php?rest_route=\/wp\/v2\/posts\/10037\/revisions\/10564"}],"wp:featuredmedia":[{"embeddable":true,"href":"https:\/\/www.sauletekio.vilniausr.lm.lt\/index.php?rest_route=\/wp\/v2\/media\/10038"}],"wp:attachment":[{"href":"https:\/\/www.sauletekio.vilniausr.lm.lt\/index.php?rest_route=%2Fwp%2Fv2%2Fmedia&parent=10037"}],"wp:term":[{"taxonomy":"category","embeddable":true,"href":"https:\/\/www.sauletekio.vilniausr.lm.lt\/index.php?rest_route=%2Fwp%2Fv2%2Fcategories&post=10037"},{"taxonomy":"post_tag","embeddable":true,"href":"https:\/\/www.sauletekio.vilniausr.lm.lt\/index.php?rest_route=%2Fwp%2Fv2%2Ftags&post=10037"}],"curies":[{"name":"wp","href":"https:\/\/api.w.org\/{rel}","templated":true}]}}