{"id":13254,"date":"2022-02-04T10:12:24","date_gmt":"2022-02-04T08:12:24","guid":{"rendered":"https:\/\/www.sauletekio.vilniausr.lm.lt\/?p=13254"},"modified":"2022-02-04T10:12:25","modified_gmt":"2022-02-04T08:12:25","slug":"mokytoju-klubas-mokosi-uz-mokyklos-ribu","status":"publish","type":"post","link":"https:\/\/www.sauletekio.vilniausr.lm.lt\/?p=13254","title":{"rendered":"MOKYTOJ\u0172 KLUBAS MOKOSI U\u017d MOKYKLOS RIB\u0172!"},"content":{"rendered":"<div class=\"fcbkbttn_buttons_block\" id=\"fcbkbttn_left\"><div class=\"fcbkbttn_like \"><fb:like href=\"https:\/\/www.sauletekio.vilniausr.lm.lt\/?p=13254\" action=\"like\" colorscheme=\"light\" layout=\"button_count\"  size=\"small\"><\/fb:like><\/div><div class=\"fb-share-button  \" data-href=\"https:\/\/www.sauletekio.vilniausr.lm.lt\/?p=13254\" data-type=\"button_count\" data-size=\"small\"><\/div><\/div>\n<p>Vilniaus r. Bezdoni\u0173 \u201eSaul\u0117tekio\u201c pagrindin\u0117s mokyklos projekto \u201eTyrin\u0117jimo menas: mokom\u0117s bendruomen\u0117je\u201c Mokytoj\u0173 klubas kartu su k\u016br\u0117ja Au\u0161rine lank\u0117si Nacionalin\u0117s dail\u0117s galerijos parodoje \u201eO kur dingo \u017emon\u0117s?\u201c, kuri\u0105\u00a0 k\u016br\u0117 paaugliai. Parodoje mokytojos susipa\u017eino su paroda, bendravo su parodos k\u016brimo dalyv\u0117mis, band\u0117 \u012fsijausti \u012f parod\u0105 k\u016brusi\u0173 paaugli\u0173 m\u0105stym\u0105 ir jausen\u0105, mokytojos pa\u010dios gal\u0117jo \u201eprisiliesti\u201c prie meno k\u016brini\u0173. Nacionalinio dail\u0117s muziejaus aura leido atsipalaiduoti ir dalintis id\u0117jomis, kaip k\u016brybi\u0161kai ir \u012ftraukiai vesti pamokas.<\/p>\n\n\n\nngg_shortcode_0_placeholder\n","protected":false},"excerpt":{"rendered":"<p>Vilniaus r. Bezdoni\u0173 \u201eSaul\u0117tekio\u201c pagrindin\u0117s mokyklos projekto \u201eTyrin\u0117jimo menas: mokom\u0117s bendruomen\u0117je\u201c Mokytoj\u0173 klubas kartu su k\u016br\u0117ja Au\u0161rine lank\u0117si Nacionalin\u0117s dail\u0117s galerijos parodoje \u201eO kur dingo \u017emon\u0117s?\u201c, kuri\u0105\u00a0 k\u016br\u0117 paaugliai. Parodoje mokytojos susipa\u017eino su paroda, bendravo su parodos k\u016brimo dalyv\u0117mis, band\u0117 \u012fsijausti \u012f parod\u0105 k\u016brusi\u0173 paaugli\u0173 m\u0105stym\u0105 ir jausen\u0105, mokytojos pa\u010dios&#8230;<\/p>\n<p> <a class=\"continue-reading-link\" href=\"https:\/\/www.sauletekio.vilniausr.lm.lt\/?p=13254\"><span>T\u0119sti skaitym\u0105<\/span><i class=\"crycon-right-dir\"><\/i><\/a> <\/p>\n","protected":false},"author":1,"featured_media":13256,"comment_status":"closed","ping_status":"closed","sticky":false,"template":"","format":"standard","meta":{"_uag_custom_page_level_css":"","advgb_blocks_editor_width":"","advgb_blocks_columns_visual_guide":"","ngg_post_thumbnail":4036,"footnotes":""},"categories":[1],"tags":[],"class_list":["post-13254","post","type-post","status-publish","format-standard","has-post-thumbnail","hentry","category-ugdymas"],"author_meta":{"display_name":"admin","author_link":"https:\/\/www.sauletekio.vilniausr.lm.lt\/?author=1"},"featured_img":"https:\/\/www.sauletekio.vilniausr.lm.lt\/wp-content\/uploads\/2022\/02\/nggallery_import\/3-223x300.jpg","uagb_featured_image_src":{"full":["https:\/\/www.sauletekio.vilniausr.lm.lt\/wp-content\/uploads\/2022\/02\/nggallery_import\/3.jpg",572,768,false],"thumbnail":["https:\/\/www.sauletekio.vilniausr.lm.lt\/wp-content\/uploads\/2022\/02\/nggallery_import\/3-150x150.jpg",150,150,true],"medium":["https:\/\/www.sauletekio.vilniausr.lm.lt\/wp-content\/uploads\/2022\/02\/nggallery_import\/3-223x300.jpg",223,300,true],"medium_large":["https:\/\/www.sauletekio.vilniausr.lm.lt\/wp-content\/uploads\/2022\/02\/nggallery_import\/3.jpg",572,768,false],"large":["https:\/\/www.sauletekio.vilniausr.lm.lt\/wp-content\/uploads\/2022\/02\/nggallery_import\/3.jpg",572,768,false],"1536x1536":["https:\/\/www.sauletekio.vilniausr.lm.lt\/wp-content\/uploads\/2022\/02\/nggallery_import\/3.jpg",572,768,false],"2048x2048":["https:\/\/www.sauletekio.vilniausr.lm.lt\/wp-content\/uploads\/2022\/02\/nggallery_import\/3.jpg",572,768,false],"post-thumbnail":["https:\/\/www.sauletekio.vilniausr.lm.lt\/wp-content\/uploads\/2022\/02\/nggallery_import\/3-112x150.jpg",112,150,true],"header":["https:\/\/www.sauletekio.vilniausr.lm.lt\/wp-content\/uploads\/2022\/02\/nggallery_import\/3-572x180.jpg",572,180,true],"slider":["https:\/\/www.sauletekio.vilniausr.lm.lt\/wp-content\/uploads\/2022\/02\/nggallery_import\/3-572x580.jpg",572,580,true],"columns":["https:\/\/www.sauletekio.vilniausr.lm.lt\/wp-content\/uploads\/2022\/02\/nggallery_import\/3-400x311.jpg",400,311,true],"custom":["https:\/\/www.sauletekio.vilniausr.lm.lt\/wp-content\/uploads\/2022\/02\/nggallery_import\/3-350x280.jpg",350,280,true]},"uagb_author_info":{"display_name":"admin","author_link":"https:\/\/www.sauletekio.vilniausr.lm.lt\/?author=1"},"uagb_comment_info":0,"uagb_excerpt":"Vilniaus r. Bezdoni\u0173 \u201eSaul\u0117tekio\u201c pagrindin\u0117s mokyklos projekto \u201eTyrin\u0117jimo menas: mokom\u0117s bendruomen\u0117je\u201c Mokytoj\u0173 klubas kartu su k\u016br\u0117ja Au\u0161rine lank\u0117si Nacionalin\u0117s dail\u0117s galerijos parodoje \u201eO kur dingo \u017emon\u0117s?\u201c, kuri\u0105\u00a0 k\u016br\u0117 paaugliai. Parodoje mokytojos susipa\u017eino su paroda, bendravo su parodos k\u016brimo dalyv\u0117mis, band\u0117 \u012fsijausti \u012f parod\u0105 k\u016brusi\u0173 paaugli\u0173 m\u0105stym\u0105 ir jausen\u0105, mokytojos pa\u010dios... T\u0119sti skaitym\u0105","coauthors":[],"tax_additional":{"categories":{"linked":["<a href=\"https:\/\/www.sauletekio.vilniausr.lm.lt\/?cat=1\" class=\"advgb-post-tax-term\">Ugdymas<\/a>"],"unlinked":["<span class=\"advgb-post-tax-term\">Ugdymas<\/span>"]}},"comment_count":"0","relative_dates":{"created":"Posted 4 metai ago","modified":"Updated 4 metai ago"},"absolute_dates":{"created":"Posted on 2022-02-04","modified":"Updated on 2022-02-04"},"absolute_dates_time":{"created":"Posted on 2022-02-04 10:12","modified":"Updated on 2022-02-04 10:12"},"featured_img_caption":"","series_order":"","_links":{"self":[{"href":"https:\/\/www.sauletekio.vilniausr.lm.lt\/index.php?rest_route=\/wp\/v2\/posts\/13254","targetHints":{"allow":["GET"]}}],"collection":[{"href":"https:\/\/www.sauletekio.vilniausr.lm.lt\/index.php?rest_route=\/wp\/v2\/posts"}],"about":[{"href":"https:\/\/www.sauletekio.vilniausr.lm.lt\/index.php?rest_route=\/wp\/v2\/types\/post"}],"author":[{"embeddable":true,"href":"https:\/\/www.sauletekio.vilniausr.lm.lt\/index.php?rest_route=\/wp\/v2\/users\/1"}],"replies":[{"embeddable":true,"href":"https:\/\/www.sauletekio.vilniausr.lm.lt\/index.php?rest_route=%2Fwp%2Fv2%2Fcomments&post=13254"}],"version-history":[{"count":1,"href":"https:\/\/www.sauletekio.vilniausr.lm.lt\/index.php?rest_route=\/wp\/v2\/posts\/13254\/revisions"}],"predecessor-version":[{"id":13255,"href":"https:\/\/www.sauletekio.vilniausr.lm.lt\/index.php?rest_route=\/wp\/v2\/posts\/13254\/revisions\/13255"}],"wp:featuredmedia":[{"embeddable":true,"href":"https:\/\/www.sauletekio.vilniausr.lm.lt\/index.php?rest_route=\/wp\/v2\/media\/13256"}],"wp:attachment":[{"href":"https:\/\/www.sauletekio.vilniausr.lm.lt\/index.php?rest_route=%2Fwp%2Fv2%2Fmedia&parent=13254"}],"wp:term":[{"taxonomy":"category","embeddable":true,"href":"https:\/\/www.sauletekio.vilniausr.lm.lt\/index.php?rest_route=%2Fwp%2Fv2%2Fcategories&post=13254"},{"taxonomy":"post_tag","embeddable":true,"href":"https:\/\/www.sauletekio.vilniausr.lm.lt\/index.php?rest_route=%2Fwp%2Fv2%2Ftags&post=13254"}],"curies":[{"name":"wp","href":"https:\/\/api.w.org\/{rel}","templated":true}]}}