{"id":13272,"date":"2022-02-11T14:32:09","date_gmt":"2022-02-11T12:32:09","guid":{"rendered":"https:\/\/www.sauletekio.vilniausr.lm.lt\/?p=13272"},"modified":"2022-02-11T14:32:10","modified_gmt":"2022-02-11T12:32:10","slug":"tyrinejimo-menas-verda","status":"publish","type":"post","link":"https:\/\/www.sauletekio.vilniausr.lm.lt\/?p=13272","title":{"rendered":",,TYRIN\u0116JIMO MENAS\u201c VERDA!"},"content":{"rendered":"<div class=\"fcbkbttn_buttons_block\" id=\"fcbkbttn_left\"><div class=\"fcbkbttn_like \"><fb:like href=\"https:\/\/www.sauletekio.vilniausr.lm.lt\/?p=13272\" action=\"like\" colorscheme=\"light\" layout=\"button_count\"  size=\"small\"><\/fb:like><\/div><div class=\"fb-share-button  \" data-href=\"https:\/\/www.sauletekio.vilniausr.lm.lt\/?p=13272\" data-type=\"button_count\" data-size=\"small\"><\/div><\/div>\n<p>Vilniaus r. Bezdoni\u0173 ,,Saul\u0117tekio\u201c pagrindin\u0117je mokykloje toliau ,,verda\u201c projekto \u201eTyrin\u0117jimo menas: mokom\u0117s bendruomen\u0117je\u201c veiklos \u2013 6\u20137 klasi\u0173 mokiniai ir Mokytoj\u0173 klubas t\u0119sia mokym\u0105si bendradarbiaujant, ie\u0161ko k\u016brybini\u0173 id\u0117j\u0173, kaupia patirtis.<\/p>\n\n\n\n<p>2022 m. vasario 8 d. mokiniai, vadovaujami k\u016br\u0117jos Stefanijos, grup\u0117se vykdydami skirtus pasunkinimus stat\u0117 bok\u0161tus, taip tobulindami savo bendravim\u0105, vaizduot\u0119 ir k\u016brybi\u0161kum\u0105. Teik\u0117 gr\u012f\u017etam\u0105j\u012f ry\u0161\u012f apie patirtus \u012fsp\u016bd\u017eius ir jausmus. V\u0117liau komandose k\u016br\u0117 eskizus sienos meno k\u016briniui.<\/p>\n\n\n\n<p>2022 m. vasario 10 d. Mokytoj\u0173 klubas susitiko online. Susitikimo tema \u201eTechnologijos ugdymo procese\u201c. \u0160aunioji k\u016br\u0117ja Au\u0161rin\u0117 ved\u0117 po dar nepa\u017eint\u0105 TOPIA pasaul\u012f, kuriame mokytojai i\u0161band\u0117 Padled, Jambaard, Puzzle metodus, dirbdami grup\u0117mis k\u016br\u0117 pamokas, dalinosi patirtimi. Su puikia nuotaika mok\u0117si bendradarbiaudami, s\u0117m\u0117si id\u0117j\u0173 pamokoms, kaup\u0117 metod\u0173 bank\u0105.<\/p>\n\n\n\n<p>Su nekantrumu visi drauge laukiame kit\u0173 susitikim\u0173!<\/p>\n\n\n\nngg_shortcode_0_placeholder\n","protected":false},"excerpt":{"rendered":"<p>Vilniaus r. Bezdoni\u0173 ,,Saul\u0117tekio\u201c pagrindin\u0117je mokykloje toliau ,,verda\u201c projekto \u201eTyrin\u0117jimo menas: mokom\u0117s bendruomen\u0117je\u201c veiklos \u2013 6\u20137 klasi\u0173 mokiniai ir Mokytoj\u0173 klubas t\u0119sia mokym\u0105si bendradarbiaujant, ie\u0161ko k\u016brybini\u0173 id\u0117j\u0173, kaupia patirtis. 2022 m. vasario 8 d. mokiniai, vadovaujami k\u016br\u0117jos Stefanijos, grup\u0117se vykdydami skirtus pasunkinimus stat\u0117 bok\u0161tus, taip tobulindami savo bendravim\u0105, vaizduot\u0119 ir&#8230;<\/p>\n<p> <a class=\"continue-reading-link\" href=\"https:\/\/www.sauletekio.vilniausr.lm.lt\/?p=13272\"><span>T\u0119sti skaitym\u0105<\/span><i class=\"crycon-right-dir\"><\/i><\/a> <\/p>\n","protected":false},"author":1,"featured_media":13274,"comment_status":"closed","ping_status":"closed","sticky":false,"template":"","format":"standard","meta":{"_uag_custom_page_level_css":"","advgb_blocks_editor_width":"","advgb_blocks_columns_visual_guide":"","ngg_post_thumbnail":4037,"footnotes":""},"categories":[1],"tags":[],"class_list":["post-13272","post","type-post","status-publish","format-standard","has-post-thumbnail","hentry","category-ugdymas"],"author_meta":{"display_name":"admin","author_link":"https:\/\/www.sauletekio.vilniausr.lm.lt\/?author=1"},"featured_img":"https:\/\/www.sauletekio.vilniausr.lm.lt\/wp-content\/uploads\/2022\/02\/nggallery_import\/1-223x300.png","uagb_featured_image_src":{"full":["https:\/\/www.sauletekio.vilniausr.lm.lt\/wp-content\/uploads\/2022\/02\/nggallery_import\/1.png",572,768,false],"thumbnail":["https:\/\/www.sauletekio.vilniausr.lm.lt\/wp-content\/uploads\/2022\/02\/nggallery_import\/1-150x150.png",150,150,true],"medium":["https:\/\/www.sauletekio.vilniausr.lm.lt\/wp-content\/uploads\/2022\/02\/nggallery_import\/1-223x300.png",223,300,true],"medium_large":["https:\/\/www.sauletekio.vilniausr.lm.lt\/wp-content\/uploads\/2022\/02\/nggallery_import\/1.png",572,768,false],"large":["https:\/\/www.sauletekio.vilniausr.lm.lt\/wp-content\/uploads\/2022\/02\/nggallery_import\/1.png",572,768,false],"1536x1536":["https:\/\/www.sauletekio.vilniausr.lm.lt\/wp-content\/uploads\/2022\/02\/nggallery_import\/1.png",572,768,false],"2048x2048":["https:\/\/www.sauletekio.vilniausr.lm.lt\/wp-content\/uploads\/2022\/02\/nggallery_import\/1.png",572,768,false],"post-thumbnail":["https:\/\/www.sauletekio.vilniausr.lm.lt\/wp-content\/uploads\/2022\/02\/nggallery_import\/1-112x150.png",112,150,true],"header":["https:\/\/www.sauletekio.vilniausr.lm.lt\/wp-content\/uploads\/2022\/02\/nggallery_import\/1-572x180.png",572,180,true],"slider":["https:\/\/www.sauletekio.vilniausr.lm.lt\/wp-content\/uploads\/2022\/02\/nggallery_import\/1-572x580.png",572,580,true],"columns":["https:\/\/www.sauletekio.vilniausr.lm.lt\/wp-content\/uploads\/2022\/02\/nggallery_import\/1-400x311.png",400,311,true],"custom":["https:\/\/www.sauletekio.vilniausr.lm.lt\/wp-content\/uploads\/2022\/02\/nggallery_import\/1-350x280.png",350,280,true]},"uagb_author_info":{"display_name":"admin","author_link":"https:\/\/www.sauletekio.vilniausr.lm.lt\/?author=1"},"uagb_comment_info":0,"uagb_excerpt":"Vilniaus r. Bezdoni\u0173 ,,Saul\u0117tekio\u201c pagrindin\u0117je mokykloje toliau ,,verda\u201c projekto \u201eTyrin\u0117jimo menas: mokom\u0117s bendruomen\u0117je\u201c veiklos \u2013 6\u20137 klasi\u0173 mokiniai ir Mokytoj\u0173 klubas t\u0119sia mokym\u0105si bendradarbiaujant, ie\u0161ko k\u016brybini\u0173 id\u0117j\u0173, kaupia patirtis. 2022 m. vasario 8 d. mokiniai, vadovaujami k\u016br\u0117jos Stefanijos, grup\u0117se vykdydami skirtus pasunkinimus stat\u0117 bok\u0161tus, taip tobulindami savo bendravim\u0105, vaizduot\u0119 ir... T\u0119sti skaitym\u0105","coauthors":[],"tax_additional":{"categories":{"linked":["<a href=\"https:\/\/www.sauletekio.vilniausr.lm.lt\/?cat=1\" class=\"advgb-post-tax-term\">Ugdymas<\/a>"],"unlinked":["<span class=\"advgb-post-tax-term\">Ugdymas<\/span>"]}},"comment_count":"0","relative_dates":{"created":"Posted 4 metai ago","modified":"Updated 4 metai ago"},"absolute_dates":{"created":"Posted on 2022-02-11","modified":"Updated on 2022-02-11"},"absolute_dates_time":{"created":"Posted on 2022-02-11 14:32","modified":"Updated on 2022-02-11 14:32"},"featured_img_caption":"","series_order":"","_links":{"self":[{"href":"https:\/\/www.sauletekio.vilniausr.lm.lt\/index.php?rest_route=\/wp\/v2\/posts\/13272","targetHints":{"allow":["GET"]}}],"collection":[{"href":"https:\/\/www.sauletekio.vilniausr.lm.lt\/index.php?rest_route=\/wp\/v2\/posts"}],"about":[{"href":"https:\/\/www.sauletekio.vilniausr.lm.lt\/index.php?rest_route=\/wp\/v2\/types\/post"}],"author":[{"embeddable":true,"href":"https:\/\/www.sauletekio.vilniausr.lm.lt\/index.php?rest_route=\/wp\/v2\/users\/1"}],"replies":[{"embeddable":true,"href":"https:\/\/www.sauletekio.vilniausr.lm.lt\/index.php?rest_route=%2Fwp%2Fv2%2Fcomments&post=13272"}],"version-history":[{"count":1,"href":"https:\/\/www.sauletekio.vilniausr.lm.lt\/index.php?rest_route=\/wp\/v2\/posts\/13272\/revisions"}],"predecessor-version":[{"id":13273,"href":"https:\/\/www.sauletekio.vilniausr.lm.lt\/index.php?rest_route=\/wp\/v2\/posts\/13272\/revisions\/13273"}],"wp:featuredmedia":[{"embeddable":true,"href":"https:\/\/www.sauletekio.vilniausr.lm.lt\/index.php?rest_route=\/wp\/v2\/media\/13274"}],"wp:attachment":[{"href":"https:\/\/www.sauletekio.vilniausr.lm.lt\/index.php?rest_route=%2Fwp%2Fv2%2Fmedia&parent=13272"}],"wp:term":[{"taxonomy":"category","embeddable":true,"href":"https:\/\/www.sauletekio.vilniausr.lm.lt\/index.php?rest_route=%2Fwp%2Fv2%2Fcategories&post=13272"},{"taxonomy":"post_tag","embeddable":true,"href":"https:\/\/www.sauletekio.vilniausr.lm.lt\/index.php?rest_route=%2Fwp%2Fv2%2Ftags&post=13272"}],"curies":[{"name":"wp","href":"https:\/\/api.w.org\/{rel}","templated":true}]}}