{"id":13279,"date":"2022-02-14T09:30:57","date_gmt":"2022-02-14T07:30:57","guid":{"rendered":"https:\/\/www.sauletekio.vilniausr.lm.lt\/?p=13279"},"modified":"2022-02-14T09:31:39","modified_gmt":"2022-02-14T07:31:39","slug":"mokykla-mini-vasario-16-aja","status":"publish","type":"post","link":"https:\/\/www.sauletekio.vilniausr.lm.lt\/?p=13279","title":{"rendered":"MOKYKLA MINI VASARIO 16-\u0104J\u0104"},"content":{"rendered":"<div class=\"fcbkbttn_buttons_block\" id=\"fcbkbttn_left\"><div class=\"fcbkbttn_like \"><fb:like href=\"https:\/\/www.sauletekio.vilniausr.lm.lt\/?p=13279\" action=\"like\" colorscheme=\"light\" layout=\"button_count\"  size=\"small\"><\/fb:like><\/div><div class=\"fb-share-button  \" data-href=\"https:\/\/www.sauletekio.vilniausr.lm.lt\/?p=13279\" data-type=\"button_count\" data-size=\"small\"><\/div><\/div>\n<p>Nuo 2022 m. vasario 7 d. mokyklos bendruomen\u0117 i\u0161radingai ruo\u0161\u0117si min\u0117ti Lietuvos valstyb\u0117s atk\u016brimo dien\u0105.<\/p>\n\n\n\n<p>Dail\u0117s ir technologijos mokytoja kartu su mokiniais k\u016brybin\u0117se dirbtuv\u0117l\u0117se k\u016br\u0117 dekoracijas mokyklai papuo\u0161ti. Langai \u201epra\u017eydo\u201c nuostabiomis trispalv\u0117s v\u0117liavos spalv\u0173 karpytomis verpst\u0117mis, o pavasar\u012f primenanti nuostabi trispalv\u0117 puok\u0161t\u0117 padabino mokyklos koridori\u0173. Pradini\u0173 klasi\u0173 mokiniai ir mokytojos taip pat savo klases papuo\u0161\u0117 \u0161iai \u0161ventei skirtais darbeliais.<\/p>\n\n\n\n<p>Vis\u0105 savait\u0119 buvo vedamos istorijos ir pilieti\u0161kumo pamokos, skirtos Vasario 16-ajai pamin\u0117ti. Mokiniai diskutavo apie vald\u017eios ir valstyb\u0117s santyk\u012f, patriotizm\u0105, T\u0117vyn\u0117s meil\u0119. 9\u201310 klas\u0117s mokiniai \u017ei\u016br\u0117jo, o po to aptar\u0117, dokumentin\u012f film\u0105 \u201eVasario 16-osios akto signatarai\u201c.<\/p>\n\n\n\nngg_shortcode_0_placeholder\n\n\n\n<p class=\"has-text-align-right\">&nbsp;&nbsp;&nbsp;&nbsp;&nbsp;&nbsp;&nbsp;&nbsp;&nbsp;&nbsp;&nbsp;&nbsp;&nbsp;&nbsp;&nbsp;&nbsp; Sveikiname visus su Vasario 16-\u0105ja!<\/p>\n","protected":false},"excerpt":{"rendered":"<p>Nuo 2022 m. vasario 7 d. mokyklos bendruomen\u0117 i\u0161radingai ruo\u0161\u0117si min\u0117ti Lietuvos valstyb\u0117s atk\u016brimo dien\u0105. Dail\u0117s ir technologijos mokytoja kartu su mokiniais k\u016brybin\u0117se dirbtuv\u0117l\u0117se k\u016br\u0117 dekoracijas mokyklai papuo\u0161ti. Langai \u201epra\u017eydo\u201c nuostabiomis trispalv\u0117s v\u0117liavos spalv\u0173 karpytomis verpst\u0117mis, o pavasar\u012f primenanti nuostabi trispalv\u0117 puok\u0161t\u0117 padabino mokyklos koridori\u0173. Pradini\u0173 klasi\u0173 mokiniai ir mokytojos&#8230;<\/p>\n<p> <a class=\"continue-reading-link\" href=\"https:\/\/www.sauletekio.vilniausr.lm.lt\/?p=13279\"><span>T\u0119sti skaitym\u0105<\/span><i class=\"crycon-right-dir\"><\/i><\/a> <\/p>\n","protected":false},"author":1,"featured_media":13288,"comment_status":"closed","ping_status":"closed","sticky":false,"template":"","format":"standard","meta":{"_uag_custom_page_level_css":"","advgb_blocks_editor_width":"","advgb_blocks_columns_visual_guide":"","ngg_post_thumbnail":4042,"footnotes":""},"categories":[1],"tags":[],"class_list":["post-13279","post","type-post","status-publish","format-standard","has-post-thumbnail","hentry","category-ugdymas"],"author_meta":{"display_name":"admin","author_link":"https:\/\/www.sauletekio.vilniausr.lm.lt\/?author=1"},"featured_img":"https:\/\/www.sauletekio.vilniausr.lm.lt\/wp-content\/uploads\/2022\/02\/nggallery_import\/1-225x300.jpg","uagb_featured_image_src":{"full":["https:\/\/www.sauletekio.vilniausr.lm.lt\/wp-content\/uploads\/2022\/02\/nggallery_import\/1.jpg",576,768,false],"thumbnail":["https:\/\/www.sauletekio.vilniausr.lm.lt\/wp-content\/uploads\/2022\/02\/nggallery_import\/1-150x150.jpg",150,150,true],"medium":["https:\/\/www.sauletekio.vilniausr.lm.lt\/wp-content\/uploads\/2022\/02\/nggallery_import\/1-225x300.jpg",225,300,true],"medium_large":["https:\/\/www.sauletekio.vilniausr.lm.lt\/wp-content\/uploads\/2022\/02\/nggallery_import\/1.jpg",576,768,false],"large":["https:\/\/www.sauletekio.vilniausr.lm.lt\/wp-content\/uploads\/2022\/02\/nggallery_import\/1.jpg",576,768,false],"1536x1536":["https:\/\/www.sauletekio.vilniausr.lm.lt\/wp-content\/uploads\/2022\/02\/nggallery_import\/1.jpg",576,768,false],"2048x2048":["https:\/\/www.sauletekio.vilniausr.lm.lt\/wp-content\/uploads\/2022\/02\/nggallery_import\/1.jpg",576,768,false],"post-thumbnail":["https:\/\/www.sauletekio.vilniausr.lm.lt\/wp-content\/uploads\/2022\/02\/nggallery_import\/1-113x150.jpg",113,150,true],"header":["https:\/\/www.sauletekio.vilniausr.lm.lt\/wp-content\/uploads\/2022\/02\/nggallery_import\/1-576x180.jpg",576,180,true],"slider":["https:\/\/www.sauletekio.vilniausr.lm.lt\/wp-content\/uploads\/2022\/02\/nggallery_import\/1-576x580.jpg",576,580,true],"columns":["https:\/\/www.sauletekio.vilniausr.lm.lt\/wp-content\/uploads\/2022\/02\/nggallery_import\/1-400x311.jpg",400,311,true],"custom":["https:\/\/www.sauletekio.vilniausr.lm.lt\/wp-content\/uploads\/2022\/02\/nggallery_import\/1-350x280.jpg",350,280,true]},"uagb_author_info":{"display_name":"admin","author_link":"https:\/\/www.sauletekio.vilniausr.lm.lt\/?author=1"},"uagb_comment_info":0,"uagb_excerpt":"Nuo 2022 m. vasario 7 d. mokyklos bendruomen\u0117 i\u0161radingai ruo\u0161\u0117si min\u0117ti Lietuvos valstyb\u0117s atk\u016brimo dien\u0105. Dail\u0117s ir technologijos mokytoja kartu su mokiniais k\u016brybin\u0117se dirbtuv\u0117l\u0117se k\u016br\u0117 dekoracijas mokyklai papuo\u0161ti. Langai \u201epra\u017eydo\u201c nuostabiomis trispalv\u0117s v\u0117liavos spalv\u0173 karpytomis verpst\u0117mis, o pavasar\u012f primenanti nuostabi trispalv\u0117 puok\u0161t\u0117 padabino mokyklos koridori\u0173. Pradini\u0173 klasi\u0173 mokiniai ir mokytojos... T\u0119sti skaitym\u0105","coauthors":[],"tax_additional":{"categories":{"linked":["<a href=\"https:\/\/www.sauletekio.vilniausr.lm.lt\/?cat=1\" class=\"advgb-post-tax-term\">Ugdymas<\/a>"],"unlinked":["<span class=\"advgb-post-tax-term\">Ugdymas<\/span>"]}},"comment_count":"0","relative_dates":{"created":"Posted 4 metai ago","modified":"Updated 4 metai ago"},"absolute_dates":{"created":"Posted on 2022-02-14","modified":"Updated on 2022-02-14"},"absolute_dates_time":{"created":"Posted on 2022-02-14 9:30","modified":"Updated on 2022-02-14 9:31"},"featured_img_caption":"","series_order":"","_links":{"self":[{"href":"https:\/\/www.sauletekio.vilniausr.lm.lt\/index.php?rest_route=\/wp\/v2\/posts\/13279","targetHints":{"allow":["GET"]}}],"collection":[{"href":"https:\/\/www.sauletekio.vilniausr.lm.lt\/index.php?rest_route=\/wp\/v2\/posts"}],"about":[{"href":"https:\/\/www.sauletekio.vilniausr.lm.lt\/index.php?rest_route=\/wp\/v2\/types\/post"}],"author":[{"embeddable":true,"href":"https:\/\/www.sauletekio.vilniausr.lm.lt\/index.php?rest_route=\/wp\/v2\/users\/1"}],"replies":[{"embeddable":true,"href":"https:\/\/www.sauletekio.vilniausr.lm.lt\/index.php?rest_route=%2Fwp%2Fv2%2Fcomments&post=13279"}],"version-history":[{"count":1,"href":"https:\/\/www.sauletekio.vilniausr.lm.lt\/index.php?rest_route=\/wp\/v2\/posts\/13279\/revisions"}],"predecessor-version":[{"id":13287,"href":"https:\/\/www.sauletekio.vilniausr.lm.lt\/index.php?rest_route=\/wp\/v2\/posts\/13279\/revisions\/13287"}],"wp:featuredmedia":[{"embeddable":true,"href":"https:\/\/www.sauletekio.vilniausr.lm.lt\/index.php?rest_route=\/wp\/v2\/media\/13288"}],"wp:attachment":[{"href":"https:\/\/www.sauletekio.vilniausr.lm.lt\/index.php?rest_route=%2Fwp%2Fv2%2Fmedia&parent=13279"}],"wp:term":[{"taxonomy":"category","embeddable":true,"href":"https:\/\/www.sauletekio.vilniausr.lm.lt\/index.php?rest_route=%2Fwp%2Fv2%2Fcategories&post=13279"},{"taxonomy":"post_tag","embeddable":true,"href":"https:\/\/www.sauletekio.vilniausr.lm.lt\/index.php?rest_route=%2Fwp%2Fv2%2Ftags&post=13279"}],"curies":[{"name":"wp","href":"https:\/\/api.w.org\/{rel}","templated":true}]}}