{"id":13331,"date":"2022-02-23T09:10:25","date_gmt":"2022-02-23T07:10:25","guid":{"rendered":"https:\/\/www.sauletekio.vilniausr.lm.lt\/?p=13331"},"modified":"2022-02-23T09:10:25","modified_gmt":"2022-02-23T07:10:25","slug":"demokratijos-pamokos-2","status":"publish","type":"post","link":"https:\/\/www.sauletekio.vilniausr.lm.lt\/?p=13331","title":{"rendered":"DEMOKRATIJOS PAMOKOS"},"content":{"rendered":"<div class=\"fcbkbttn_buttons_block\" id=\"fcbkbttn_left\"><div class=\"fcbkbttn_like \"><fb:like href=\"https:\/\/www.sauletekio.vilniausr.lm.lt\/?p=13331\" action=\"like\" colorscheme=\"light\" layout=\"button_count\"  size=\"small\"><\/fb:like><\/div><div class=\"fb-share-button  \" data-href=\"https:\/\/www.sauletekio.vilniausr.lm.lt\/?p=13331\" data-type=\"button_count\" data-size=\"small\"><\/div><\/div>\n<p>Mokyklos mokini\u0173 taryba t\u0119sia tradicij\u0105 \u2013 \u0161iais metais v\u0117l buvo suorganizuotos DEMOKRATIJOS PAMOKOS.<\/p>\n\n\n\n<p>5\u201310 klasi\u0173 mokiniai \u012f diskusijas pakviet\u0117 mokyklos direktori\u0173 Algimant\u0105 Baranausk\u0105 ir direktoriaus pavaduotoj\u0105 ugdymui Vilm\u0105 Petrokien\u0119.<\/p>\n\n\n\n<p>Mokiniai su mokyklos vadovais kalb\u0117jo apie mokyklos gyvenimas, problemas, d\u017eiaugsmus ir pageidavimus.<\/p>\n\n\n\n<p>Demokratijos pamokos kasmet padeda i\u0161siai\u0161kinti, kas svarbu mokiniams, pasitikrinti, ar mokiniai ir mokyklos vadovai bei mokytojai, eidami bendro tikslo link, \u017ei\u016bri viena kryptimi!<\/p>\n\n\n\n<figure class=\"wp-block-gallery has-nested-images columns-default is-cropped wp-block-gallery-1 is-layout-flex wp-block-gallery-is-layout-flex\">\n<figure class=\"wp-block-image size-large is-style-default\"><a href=\"https:\/\/www.sauletekio.vilniausr.lm.lt\/wp-content\/uploads\/2022\/02\/2022-02-22-Demokratijos-pamokos.png\"><img loading=\"lazy\" decoding=\"async\" width=\"638\" height=\"853\" data-id=\"13332\" src=\"https:\/\/www.sauletekio.vilniausr.lm.lt\/wp-content\/uploads\/2022\/02\/2022-02-22-Demokratijos-pamokos.png\" alt=\"\" class=\"wp-image-13332\" srcset=\"https:\/\/www.sauletekio.vilniausr.lm.lt\/wp-content\/uploads\/2022\/02\/2022-02-22-Demokratijos-pamokos.png 638w, https:\/\/www.sauletekio.vilniausr.lm.lt\/wp-content\/uploads\/2022\/02\/2022-02-22-Demokratijos-pamokos-224x300.png 224w, https:\/\/www.sauletekio.vilniausr.lm.lt\/wp-content\/uploads\/2022\/02\/2022-02-22-Demokratijos-pamokos-112x150.png 112w\" sizes=\"auto, (max-width: 638px) 100vw, 638px\" \/><\/a><\/figure>\n<\/figure>\n","protected":false},"excerpt":{"rendered":"<p>Mokyklos mokini\u0173 taryba t\u0119sia tradicij\u0105 \u2013 \u0161iais metais v\u0117l buvo suorganizuotos DEMOKRATIJOS PAMOKOS. 5\u201310 klasi\u0173 mokiniai \u012f diskusijas pakviet\u0117 mokyklos direktori\u0173 Algimant\u0105 Baranausk\u0105 ir direktoriaus pavaduotoj\u0105 ugdymui Vilm\u0105 Petrokien\u0119. Mokiniai su mokyklos vadovais kalb\u0117jo apie mokyklos gyvenimas, problemas, d\u017eiaugsmus ir pageidavimus. Demokratijos pamokos kasmet padeda i\u0161siai\u0161kinti, kas svarbu mokiniams, pasitikrinti,&#8230;<\/p>\n<p> <a class=\"continue-reading-link\" href=\"https:\/\/www.sauletekio.vilniausr.lm.lt\/?p=13331\"><span>T\u0119sti skaitym\u0105<\/span><i class=\"crycon-right-dir\"><\/i><\/a> <\/p>\n","protected":false},"author":1,"featured_media":0,"comment_status":"closed","ping_status":"closed","sticky":false,"template":"","format":"standard","meta":{"_uag_custom_page_level_css":"","advgb_blocks_editor_width":"","advgb_blocks_columns_visual_guide":"","ngg_post_thumbnail":0,"footnotes":""},"categories":[1],"tags":[],"class_list":["post-13331","post","type-post","status-publish","format-standard","hentry","category-ugdymas"],"author_meta":{"display_name":"admin","author_link":"https:\/\/www.sauletekio.vilniausr.lm.lt\/?author=1"},"featured_img":null,"uagb_featured_image_src":{"full":false,"thumbnail":false,"medium":false,"medium_large":false,"large":false,"1536x1536":false,"2048x2048":false,"post-thumbnail":false,"header":false,"slider":false,"columns":false,"custom":false},"uagb_author_info":{"display_name":"admin","author_link":"https:\/\/www.sauletekio.vilniausr.lm.lt\/?author=1"},"uagb_comment_info":0,"uagb_excerpt":"Mokyklos mokini\u0173 taryba t\u0119sia tradicij\u0105 \u2013 \u0161iais metais v\u0117l buvo suorganizuotos DEMOKRATIJOS PAMOKOS. 5\u201310 klasi\u0173 mokiniai \u012f diskusijas pakviet\u0117 mokyklos direktori\u0173 Algimant\u0105 Baranausk\u0105 ir direktoriaus pavaduotoj\u0105 ugdymui Vilm\u0105 Petrokien\u0119. Mokiniai su mokyklos vadovais kalb\u0117jo apie mokyklos gyvenimas, problemas, d\u017eiaugsmus ir pageidavimus. Demokratijos pamokos kasmet padeda i\u0161siai\u0161kinti, kas svarbu mokiniams, pasitikrinti,... T\u0119sti skaitym\u0105","coauthors":[],"tax_additional":{"categories":{"linked":["<a href=\"https:\/\/www.sauletekio.vilniausr.lm.lt\/?cat=1\" class=\"advgb-post-tax-term\">Ugdymas<\/a>"],"unlinked":["<span class=\"advgb-post-tax-term\">Ugdymas<\/span>"]}},"comment_count":"0","relative_dates":{"created":"Posted 4 metai ago","modified":"Updated 4 metai ago"},"absolute_dates":{"created":"Posted on 2022-02-23","modified":"Updated on 2022-02-23"},"absolute_dates_time":{"created":"Posted on 2022-02-23 9:10","modified":"Updated on 2022-02-23 9:10"},"featured_img_caption":"","series_order":"","_links":{"self":[{"href":"https:\/\/www.sauletekio.vilniausr.lm.lt\/index.php?rest_route=\/wp\/v2\/posts\/13331","targetHints":{"allow":["GET"]}}],"collection":[{"href":"https:\/\/www.sauletekio.vilniausr.lm.lt\/index.php?rest_route=\/wp\/v2\/posts"}],"about":[{"href":"https:\/\/www.sauletekio.vilniausr.lm.lt\/index.php?rest_route=\/wp\/v2\/types\/post"}],"author":[{"embeddable":true,"href":"https:\/\/www.sauletekio.vilniausr.lm.lt\/index.php?rest_route=\/wp\/v2\/users\/1"}],"replies":[{"embeddable":true,"href":"https:\/\/www.sauletekio.vilniausr.lm.lt\/index.php?rest_route=%2Fwp%2Fv2%2Fcomments&post=13331"}],"version-history":[{"count":1,"href":"https:\/\/www.sauletekio.vilniausr.lm.lt\/index.php?rest_route=\/wp\/v2\/posts\/13331\/revisions"}],"predecessor-version":[{"id":13333,"href":"https:\/\/www.sauletekio.vilniausr.lm.lt\/index.php?rest_route=\/wp\/v2\/posts\/13331\/revisions\/13333"}],"wp:attachment":[{"href":"https:\/\/www.sauletekio.vilniausr.lm.lt\/index.php?rest_route=%2Fwp%2Fv2%2Fmedia&parent=13331"}],"wp:term":[{"taxonomy":"category","embeddable":true,"href":"https:\/\/www.sauletekio.vilniausr.lm.lt\/index.php?rest_route=%2Fwp%2Fv2%2Fcategories&post=13331"},{"taxonomy":"post_tag","embeddable":true,"href":"https:\/\/www.sauletekio.vilniausr.lm.lt\/index.php?rest_route=%2Fwp%2Fv2%2Ftags&post=13331"}],"curies":[{"name":"wp","href":"https:\/\/api.w.org\/{rel}","templated":true}]}}