{"id":13383,"date":"2022-03-10T13:46:51","date_gmt":"2022-03-10T11:46:51","guid":{"rendered":"https:\/\/www.sauletekio.vilniausr.lm.lt\/?p=13383"},"modified":"2022-03-10T13:46:51","modified_gmt":"2022-03-10T11:46:51","slug":"svenciame-lietuvos-gimtadieni","status":"publish","type":"post","link":"https:\/\/www.sauletekio.vilniausr.lm.lt\/?p=13383","title":{"rendered":"\u0160VEN\u010cIAME LIETUVOS GIMTADIEN\u012e!"},"content":{"rendered":"<div class=\"fcbkbttn_buttons_block\" id=\"fcbkbttn_left\"><div class=\"fcbkbttn_like \"><fb:like href=\"https:\/\/www.sauletekio.vilniausr.lm.lt\/?p=13383\" action=\"like\" colorscheme=\"light\" layout=\"button_count\"  size=\"small\"><\/fb:like><\/div><div class=\"fb-share-button  \" data-href=\"https:\/\/www.sauletekio.vilniausr.lm.lt\/?p=13383\" data-type=\"button_count\" data-size=\"small\"><\/div><\/div>\n<p>Tradici\u0161kai Vilniaus r. Bezdoni\u0173 ,,Saul\u0117tekio\u201c pagrindin\u0117je mokykloje nuo vasario 16-osios iki kovo 11-osios vyko lietuvi\u0173 kalbos dien\u0173 renginiai. Mokiniai aktyviai dalyvavo meninio skaitymo konkurse, dalyvavo projekte ,,M\u016bs\u0173 \u0161irdel\u0117s plaka Lietuvai\u201c, ma\u017eieji sureng\u0117 parod\u0117l\u0119 ,,Geltona, \u017ealia ir raudona\u201c, vyresnieji pie\u0161\u0117 Lietuvos vard\u0105, miklino rank\u0105 dailyra\u0161\u010dio konkurse ir suko galvas viktorinoje ,,A\u0161 tikrai myliu Lietuv\u0105\u201c.<\/p>\n\n\n\n<p>Lietuvi\u0173 kalbos dienas vainikavo 2022 m. kovo 10 d. vyk\u0119s renginys, skirtas Lietuvos nepriklausomyb\u0117s atk\u016brimo dienai, kurio metu buvo pamin\u0117ta Kovo 11-oji, pasid\u017eiaugta mokini\u0173 pasiekimais ir apdovanoti gra\u017eiausiai ra\u0161antys, deklamuojantys, dainuojantys, pie\u0161iantys ir pa\u017e\u012fstantys Lietuv\u0105 mokiniai.<\/p>\n\n\n\n<p>\u0160iais metais Lietuvos gimtadienio \u0161ventimas skyr\u0117si nuo ankstesni\u0173, nes visa mokyklos bendruomen\u0117 vieningai tylos minute pagerb\u0117 \u017euvusius Ukrainos \u017emones, prisijungdami prie Ukrainos palaikymo iniciatyvos <a href=\"https:\/\/www.facebook.com\/hashtag\/%C5%A1lov%C4%97ukrainai?__eep__=6&amp;__gid__=520318619442680&amp;__cft__%5b0%5d=AZU0CpcJ06eITZsvhin1JmrsHUEVga7iClVcLlr1fVRS26emTulO64EpcUYmtLk6ybLDe8Lw472yBZSIyzaJ9AytO663UYHRVpqyoiB2OIBTTSuakwnpjcEA8LZ-bAVviWiVZdpk5qXQ3rf8BZTUNFJMIeVwcqtXfDlupKBFuF4dDPfepWrsBvbKCuc2OtmR3CQ&amp;__tn__=*NK-R\">#\u0160lov\u0117ukrainai<\/a> ir pilietin\u0117s\u00a0 iniciatyvos ,,Gyvasis tautos \u017eiedas\u201c supyn\u0117 laisv\u0117s apyrank\u0119 ir sub\u016br\u0117 vientis\u0105 mokini\u0173 ir mokytoj\u0173 \u017eied\u0105.<\/p>\n\n\n\nngg_shortcode_0_placeholder\n","protected":false},"excerpt":{"rendered":"<p>Tradici\u0161kai Vilniaus r. Bezdoni\u0173 ,,Saul\u0117tekio\u201c pagrindin\u0117je mokykloje nuo vasario 16-osios iki kovo 11-osios vyko lietuvi\u0173 kalbos dien\u0173 renginiai. Mokiniai aktyviai dalyvavo meninio skaitymo konkurse, dalyvavo projekte ,,M\u016bs\u0173 \u0161irdel\u0117s plaka Lietuvai\u201c, ma\u017eieji sureng\u0117 parod\u0117l\u0119 ,,Geltona, \u017ealia ir raudona\u201c, vyresnieji pie\u0161\u0117 Lietuvos vard\u0105, miklino rank\u0105 dailyra\u0161\u010dio konkurse ir suko galvas viktorinoje ,,A\u0161&#8230;<\/p>\n<p> <a class=\"continue-reading-link\" href=\"https:\/\/www.sauletekio.vilniausr.lm.lt\/?p=13383\"><span>T\u0119sti skaitym\u0105<\/span><i class=\"crycon-right-dir\"><\/i><\/a> <\/p>\n","protected":false},"author":1,"featured_media":13385,"comment_status":"closed","ping_status":"closed","sticky":false,"template":"","format":"standard","meta":{"_uag_custom_page_level_css":"","advgb_blocks_editor_width":"","advgb_blocks_columns_visual_guide":"","ngg_post_thumbnail":4059,"footnotes":""},"categories":[1],"tags":[],"class_list":["post-13383","post","type-post","status-publish","format-standard","has-post-thumbnail","hentry","category-ugdymas"],"author_meta":{"display_name":"admin","author_link":"https:\/\/www.sauletekio.vilniausr.lm.lt\/?author=1"},"featured_img":"https:\/\/www.sauletekio.vilniausr.lm.lt\/wp-content\/uploads\/2022\/03\/nggallery_import\/275435829_977373579557327_5876021027230665189_n-300x225.jpg","uagb_featured_image_src":{"full":["https:\/\/www.sauletekio.vilniausr.lm.lt\/wp-content\/uploads\/2022\/03\/nggallery_import\/275435829_977373579557327_5876021027230665189_n.jpg",820,615,false],"thumbnail":["https:\/\/www.sauletekio.vilniausr.lm.lt\/wp-content\/uploads\/2022\/03\/nggallery_import\/275435829_977373579557327_5876021027230665189_n-150x150.jpg",150,150,true],"medium":["https:\/\/www.sauletekio.vilniausr.lm.lt\/wp-content\/uploads\/2022\/03\/nggallery_import\/275435829_977373579557327_5876021027230665189_n-300x225.jpg",300,225,true],"medium_large":["https:\/\/www.sauletekio.vilniausr.lm.lt\/wp-content\/uploads\/2022\/03\/nggallery_import\/275435829_977373579557327_5876021027230665189_n-768x576.jpg",768,576,true],"large":["https:\/\/www.sauletekio.vilniausr.lm.lt\/wp-content\/uploads\/2022\/03\/nggallery_import\/275435829_977373579557327_5876021027230665189_n.jpg",800,600,false],"1536x1536":["https:\/\/www.sauletekio.vilniausr.lm.lt\/wp-content\/uploads\/2022\/03\/nggallery_import\/275435829_977373579557327_5876021027230665189_n.jpg",820,615,false],"2048x2048":["https:\/\/www.sauletekio.vilniausr.lm.lt\/wp-content\/uploads\/2022\/03\/nggallery_import\/275435829_977373579557327_5876021027230665189_n.jpg",820,615,false],"post-thumbnail":["https:\/\/www.sauletekio.vilniausr.lm.lt\/wp-content\/uploads\/2022\/03\/nggallery_import\/275435829_977373579557327_5876021027230665189_n-150x113.jpg",150,113,true],"header":["https:\/\/www.sauletekio.vilniausr.lm.lt\/wp-content\/uploads\/2022\/03\/nggallery_import\/275435829_977373579557327_5876021027230665189_n-820x180.jpg",820,180,true],"slider":["https:\/\/www.sauletekio.vilniausr.lm.lt\/wp-content\/uploads\/2022\/03\/nggallery_import\/275435829_977373579557327_5876021027230665189_n-820x580.jpg",820,580,true],"columns":["https:\/\/www.sauletekio.vilniausr.lm.lt\/wp-content\/uploads\/2022\/03\/nggallery_import\/275435829_977373579557327_5876021027230665189_n-400x311.jpg",400,311,true],"custom":["https:\/\/www.sauletekio.vilniausr.lm.lt\/wp-content\/uploads\/2022\/03\/nggallery_import\/275435829_977373579557327_5876021027230665189_n-350x280.jpg",350,280,true]},"uagb_author_info":{"display_name":"admin","author_link":"https:\/\/www.sauletekio.vilniausr.lm.lt\/?author=1"},"uagb_comment_info":0,"uagb_excerpt":"Tradici\u0161kai Vilniaus r. Bezdoni\u0173 ,,Saul\u0117tekio\u201c pagrindin\u0117je mokykloje nuo vasario 16-osios iki kovo 11-osios vyko lietuvi\u0173 kalbos dien\u0173 renginiai. Mokiniai aktyviai dalyvavo meninio skaitymo konkurse, dalyvavo projekte ,,M\u016bs\u0173 \u0161irdel\u0117s plaka Lietuvai\u201c, ma\u017eieji sureng\u0117 parod\u0117l\u0119 ,,Geltona, \u017ealia ir raudona\u201c, vyresnieji pie\u0161\u0117 Lietuvos vard\u0105, miklino rank\u0105 dailyra\u0161\u010dio konkurse ir suko galvas viktorinoje ,,A\u0161... T\u0119sti skaitym\u0105","coauthors":[],"tax_additional":{"categories":{"linked":["<a href=\"https:\/\/www.sauletekio.vilniausr.lm.lt\/?cat=1\" class=\"advgb-post-tax-term\">Ugdymas<\/a>"],"unlinked":["<span class=\"advgb-post-tax-term\">Ugdymas<\/span>"]}},"comment_count":"0","relative_dates":{"created":"Posted 4 metai ago","modified":"Updated 4 metai ago"},"absolute_dates":{"created":"Posted on 2022-03-10","modified":"Updated on 2022-03-10"},"absolute_dates_time":{"created":"Posted on 2022-03-10 13:46","modified":"Updated on 2022-03-10 13:46"},"featured_img_caption":"","series_order":"","_links":{"self":[{"href":"https:\/\/www.sauletekio.vilniausr.lm.lt\/index.php?rest_route=\/wp\/v2\/posts\/13383","targetHints":{"allow":["GET"]}}],"collection":[{"href":"https:\/\/www.sauletekio.vilniausr.lm.lt\/index.php?rest_route=\/wp\/v2\/posts"}],"about":[{"href":"https:\/\/www.sauletekio.vilniausr.lm.lt\/index.php?rest_route=\/wp\/v2\/types\/post"}],"author":[{"embeddable":true,"href":"https:\/\/www.sauletekio.vilniausr.lm.lt\/index.php?rest_route=\/wp\/v2\/users\/1"}],"replies":[{"embeddable":true,"href":"https:\/\/www.sauletekio.vilniausr.lm.lt\/index.php?rest_route=%2Fwp%2Fv2%2Fcomments&post=13383"}],"version-history":[{"count":1,"href":"https:\/\/www.sauletekio.vilniausr.lm.lt\/index.php?rest_route=\/wp\/v2\/posts\/13383\/revisions"}],"predecessor-version":[{"id":13384,"href":"https:\/\/www.sauletekio.vilniausr.lm.lt\/index.php?rest_route=\/wp\/v2\/posts\/13383\/revisions\/13384"}],"wp:featuredmedia":[{"embeddable":true,"href":"https:\/\/www.sauletekio.vilniausr.lm.lt\/index.php?rest_route=\/wp\/v2\/media\/13385"}],"wp:attachment":[{"href":"https:\/\/www.sauletekio.vilniausr.lm.lt\/index.php?rest_route=%2Fwp%2Fv2%2Fmedia&parent=13383"}],"wp:term":[{"taxonomy":"category","embeddable":true,"href":"https:\/\/www.sauletekio.vilniausr.lm.lt\/index.php?rest_route=%2Fwp%2Fv2%2Fcategories&post=13383"},{"taxonomy":"post_tag","embeddable":true,"href":"https:\/\/www.sauletekio.vilniausr.lm.lt\/index.php?rest_route=%2Fwp%2Fv2%2Ftags&post=13383"}],"curies":[{"name":"wp","href":"https:\/\/api.w.org\/{rel}","templated":true}]}}