{"id":13426,"date":"2022-03-18T12:25:17","date_gmt":"2022-03-18T10:25:17","guid":{"rendered":"https:\/\/www.sauletekio.vilniausr.lm.lt\/?p=13426"},"modified":"2022-03-18T12:25:17","modified_gmt":"2022-03-18T10:25:17","slug":"edukacija-patirciu-klaseje","status":"publish","type":"post","link":"https:\/\/www.sauletekio.vilniausr.lm.lt\/?p=13426","title":{"rendered":"EDUKACIJA \u201ePATIR\u010cI\u0172 KLAS\u0116JE\u201c"},"content":{"rendered":"<div class=\"fcbkbttn_buttons_block\" id=\"fcbkbttn_left\"><div class=\"fcbkbttn_like \"><fb:like href=\"https:\/\/www.sauletekio.vilniausr.lm.lt\/?p=13426\" action=\"like\" colorscheme=\"light\" layout=\"button_count\"  size=\"small\"><\/fb:like><\/div><div class=\"fb-share-button  \" data-href=\"https:\/\/www.sauletekio.vilniausr.lm.lt\/?p=13426\" data-type=\"button_count\" data-size=\"small\"><\/div><\/div>\n<p>Kovo 16 d. 1 ir 2 klas\u0117s mokiniai vyko \u012f vaik\u0173 studij\u0105 \u201ePatir\u010di\u0173 klas\u0117\u201c.<\/p>\n\n\n\n<p>\u201ePatir\u010di\u0173 klas\u0117\u201c \u2013 pirmoji Lietuvoje vaik\u0173 studija, kurioje did\u017eiausias d\u0117mesys skiriamas vaik\u0173 jausmams bei emocinio intelekto (EQ) ugdymui.<\/p>\n\n\n\n<p>Studijoje m\u016bs\u0173 mokyklos mokiniai pla\u010diau susipa\u017eino su baim\u0117s jausmu. Naudodamiesi inovatyvia sensorine \u012franga, \u0161viesos ir sm\u0117lio stalais, atlikdami \u012fvairias u\u017eduotis, mok\u0117si \u201esusidraugauti\u201c su baime.<\/p>\n\n\n\n<p>D\u0117kojame studijos \u012fk\u016br\u0117joms Monikai ir Laurai, kurios pasi\u016bl\u0117 metodus, kurie gali pad\u0117ti nugal\u0117ti baim\u0119 ir saugiau jaustis.<\/p>\n\n\n\nngg_shortcode_0_placeholder\n","protected":false},"excerpt":{"rendered":"<p>Kovo 16 d. 1 ir 2 klas\u0117s mokiniai vyko \u012f vaik\u0173 studij\u0105 \u201ePatir\u010di\u0173 klas\u0117\u201c. \u201ePatir\u010di\u0173 klas\u0117\u201c \u2013 pirmoji Lietuvoje vaik\u0173 studija, kurioje did\u017eiausias d\u0117mesys skiriamas vaik\u0173 jausmams bei emocinio intelekto (EQ) ugdymui. Studijoje m\u016bs\u0173 mokyklos mokiniai pla\u010diau susipa\u017eino su baim\u0117s jausmu. Naudodamiesi inovatyvia sensorine \u012franga, \u0161viesos ir sm\u0117lio stalais, atlikdami&#8230;<\/p>\n<p> <a class=\"continue-reading-link\" href=\"https:\/\/www.sauletekio.vilniausr.lm.lt\/?p=13426\"><span>T\u0119sti skaitym\u0105<\/span><i class=\"crycon-right-dir\"><\/i><\/a> <\/p>\n","protected":false},"author":1,"featured_media":13428,"comment_status":"closed","ping_status":"closed","sticky":false,"template":"","format":"standard","meta":{"_uag_custom_page_level_css":"","advgb_blocks_editor_width":"","advgb_blocks_columns_visual_guide":"","ngg_post_thumbnail":4071,"footnotes":""},"categories":[1],"tags":[],"class_list":["post-13426","post","type-post","status-publish","format-standard","has-post-thumbnail","hentry","category-ugdymas"],"author_meta":{"display_name":"admin","author_link":"https:\/\/www.sauletekio.vilniausr.lm.lt\/?author=1"},"featured_img":"https:\/\/www.sauletekio.vilniausr.lm.lt\/wp-content\/uploads\/2022\/03\/nggallery_import\/8-300x225.jpg","uagb_featured_image_src":{"full":["https:\/\/www.sauletekio.vilniausr.lm.lt\/wp-content\/uploads\/2022\/03\/nggallery_import\/8.jpg",820,615,false],"thumbnail":["https:\/\/www.sauletekio.vilniausr.lm.lt\/wp-content\/uploads\/2022\/03\/nggallery_import\/8-150x150.jpg",150,150,true],"medium":["https:\/\/www.sauletekio.vilniausr.lm.lt\/wp-content\/uploads\/2022\/03\/nggallery_import\/8-300x225.jpg",300,225,true],"medium_large":["https:\/\/www.sauletekio.vilniausr.lm.lt\/wp-content\/uploads\/2022\/03\/nggallery_import\/8-768x576.jpg",768,576,true],"large":["https:\/\/www.sauletekio.vilniausr.lm.lt\/wp-content\/uploads\/2022\/03\/nggallery_import\/8.jpg",800,600,false],"1536x1536":["https:\/\/www.sauletekio.vilniausr.lm.lt\/wp-content\/uploads\/2022\/03\/nggallery_import\/8.jpg",820,615,false],"2048x2048":["https:\/\/www.sauletekio.vilniausr.lm.lt\/wp-content\/uploads\/2022\/03\/nggallery_import\/8.jpg",820,615,false],"post-thumbnail":["https:\/\/www.sauletekio.vilniausr.lm.lt\/wp-content\/uploads\/2022\/03\/nggallery_import\/8-150x113.jpg",150,113,true],"header":["https:\/\/www.sauletekio.vilniausr.lm.lt\/wp-content\/uploads\/2022\/03\/nggallery_import\/8-820x180.jpg",820,180,true],"slider":["https:\/\/www.sauletekio.vilniausr.lm.lt\/wp-content\/uploads\/2022\/03\/nggallery_import\/8-820x580.jpg",820,580,true],"columns":["https:\/\/www.sauletekio.vilniausr.lm.lt\/wp-content\/uploads\/2022\/03\/nggallery_import\/8-400x311.jpg",400,311,true],"custom":["https:\/\/www.sauletekio.vilniausr.lm.lt\/wp-content\/uploads\/2022\/03\/nggallery_import\/8-350x280.jpg",350,280,true]},"uagb_author_info":{"display_name":"admin","author_link":"https:\/\/www.sauletekio.vilniausr.lm.lt\/?author=1"},"uagb_comment_info":0,"uagb_excerpt":"Kovo 16 d. 1 ir 2 klas\u0117s mokiniai vyko \u012f vaik\u0173 studij\u0105 \u201ePatir\u010di\u0173 klas\u0117\u201c. \u201ePatir\u010di\u0173 klas\u0117\u201c \u2013 pirmoji Lietuvoje vaik\u0173 studija, kurioje did\u017eiausias d\u0117mesys skiriamas vaik\u0173 jausmams bei emocinio intelekto (EQ) ugdymui. Studijoje m\u016bs\u0173 mokyklos mokiniai pla\u010diau susipa\u017eino su baim\u0117s jausmu. Naudodamiesi inovatyvia sensorine \u012franga, \u0161viesos ir sm\u0117lio stalais, atlikdami... T\u0119sti skaitym\u0105","coauthors":[],"tax_additional":{"categories":{"linked":["<a href=\"https:\/\/www.sauletekio.vilniausr.lm.lt\/?cat=1\" class=\"advgb-post-tax-term\">Ugdymas<\/a>"],"unlinked":["<span class=\"advgb-post-tax-term\">Ugdymas<\/span>"]}},"comment_count":"0","relative_dates":{"created":"Posted 4 metai ago","modified":"Updated 4 metai ago"},"absolute_dates":{"created":"Posted on 2022-03-18","modified":"Updated on 2022-03-18"},"absolute_dates_time":{"created":"Posted on 2022-03-18 12:25","modified":"Updated on 2022-03-18 12:25"},"featured_img_caption":"","series_order":"","_links":{"self":[{"href":"https:\/\/www.sauletekio.vilniausr.lm.lt\/index.php?rest_route=\/wp\/v2\/posts\/13426","targetHints":{"allow":["GET"]}}],"collection":[{"href":"https:\/\/www.sauletekio.vilniausr.lm.lt\/index.php?rest_route=\/wp\/v2\/posts"}],"about":[{"href":"https:\/\/www.sauletekio.vilniausr.lm.lt\/index.php?rest_route=\/wp\/v2\/types\/post"}],"author":[{"embeddable":true,"href":"https:\/\/www.sauletekio.vilniausr.lm.lt\/index.php?rest_route=\/wp\/v2\/users\/1"}],"replies":[{"embeddable":true,"href":"https:\/\/www.sauletekio.vilniausr.lm.lt\/index.php?rest_route=%2Fwp%2Fv2%2Fcomments&post=13426"}],"version-history":[{"count":1,"href":"https:\/\/www.sauletekio.vilniausr.lm.lt\/index.php?rest_route=\/wp\/v2\/posts\/13426\/revisions"}],"predecessor-version":[{"id":13427,"href":"https:\/\/www.sauletekio.vilniausr.lm.lt\/index.php?rest_route=\/wp\/v2\/posts\/13426\/revisions\/13427"}],"wp:featuredmedia":[{"embeddable":true,"href":"https:\/\/www.sauletekio.vilniausr.lm.lt\/index.php?rest_route=\/wp\/v2\/media\/13428"}],"wp:attachment":[{"href":"https:\/\/www.sauletekio.vilniausr.lm.lt\/index.php?rest_route=%2Fwp%2Fv2%2Fmedia&parent=13426"}],"wp:term":[{"taxonomy":"category","embeddable":true,"href":"https:\/\/www.sauletekio.vilniausr.lm.lt\/index.php?rest_route=%2Fwp%2Fv2%2Fcategories&post=13426"},{"taxonomy":"post_tag","embeddable":true,"href":"https:\/\/www.sauletekio.vilniausr.lm.lt\/index.php?rest_route=%2Fwp%2Fv2%2Ftags&post=13426"}],"curies":[{"name":"wp","href":"https:\/\/api.w.org\/{rel}","templated":true}]}}