{"id":13435,"date":"2022-03-22T13:46:08","date_gmt":"2022-03-22T11:46:08","guid":{"rendered":"https:\/\/www.sauletekio.vilniausr.lm.lt\/?p=13435"},"modified":"2022-03-22T14:14:08","modified_gmt":"2022-03-22T12:14:08","slug":"nenurasyk-o-palaikyk","status":"publish","type":"post","link":"https:\/\/www.sauletekio.vilniausr.lm.lt\/?p=13435","title":{"rendered":"NENURA\u0160YK, O PALAIKYK"},"content":{"rendered":"<div class=\"fcbkbttn_buttons_block\" id=\"fcbkbttn_left\"><div class=\"fcbkbttn_like \"><fb:like href=\"https:\/\/www.sauletekio.vilniausr.lm.lt\/?p=13435\" action=\"like\" colorscheme=\"light\" layout=\"button_count\"  size=\"small\"><\/fb:like><\/div><div class=\"fb-share-button  \" data-href=\"https:\/\/www.sauletekio.vilniausr.lm.lt\/?p=13435\" data-type=\"button_count\" data-size=\"small\"><\/div><\/div>\n<p>Mokyklos bendruomen\u0117 kovo 21 d. min\u0117jo pasaulin\u0119 Dauno sindromo dien\u0105. Min\u0117jimo simbolis \u2013 skirtingos kojin\u0117s. Skirtingos kojin\u0117s yra tapusios tarptautiniu tolerancijos \u017emon\u0117ms su Dauno sindromu simboliu, nes pie\u0161iamos kojin\u0117s forma yra pana\u0161i \u012f chromosomos form\u0105.<\/p>\n\n\n\n<p>Mamyt\u0117s, auginan\u010dios Dauno sindrom\u0105 turin\u010dias ,,saulytes\u201c,&nbsp; pasidalino asmenine patirtimi, supa\u017eindino su sindromu, papasakojo, kaip tokie vaiku\u010diai mokosi, kaip susipa\u017e\u012fsta su pasauliu, atsak\u0117 \u012f mokiniams kylan\u010dius klausimus. &nbsp;<\/p>\n\n\n\n<p>A\u010di\u016b dr\u0105siosioms mamyt\u0117ms, kurios prav\u0117r\u0117 savo kasdienyb\u0117s dureles ir leido mums pab\u016bti kartu \ud83d\ude42<\/p>\n\n\n\nngg_shortcode_0_placeholder\n\n\n\n<figure class=\"wp-block-video\"><video height=\"368\" style=\"aspect-ratio: 640 \/ 368;\" width=\"640\" controls src=\"https:\/\/www.sauletekio.vilniausr.lm.lt\/wp-content\/uploads\/2022\/03\/video-1647935195.mp4\"><\/video><\/figure>\n","protected":false},"excerpt":{"rendered":"<p>Mokyklos bendruomen\u0117 kovo 21 d. min\u0117jo pasaulin\u0119 Dauno sindromo dien\u0105. Min\u0117jimo simbolis \u2013 skirtingos kojin\u0117s. Skirtingos kojin\u0117s yra tapusios tarptautiniu tolerancijos \u017emon\u0117ms su Dauno sindromu simboliu, nes pie\u0161iamos kojin\u0117s forma yra pana\u0161i \u012f chromosomos form\u0105. Mamyt\u0117s, auginan\u010dios Dauno sindrom\u0105 turin\u010dias ,,saulytes\u201c,&nbsp; pasidalino asmenine patirtimi, supa\u017eindino su sindromu, papasakojo, kaip tokie&#8230;<\/p>\n<p> <a class=\"continue-reading-link\" href=\"https:\/\/www.sauletekio.vilniausr.lm.lt\/?p=13435\"><span>T\u0119sti skaitym\u0105<\/span><i class=\"crycon-right-dir\"><\/i><\/a> <\/p>\n","protected":false},"author":1,"featured_media":13437,"comment_status":"closed","ping_status":"closed","sticky":false,"template":"","format":"standard","meta":{"_uag_custom_page_level_css":"","advgb_blocks_editor_width":"","advgb_blocks_columns_visual_guide":"","ngg_post_thumbnail":4077,"footnotes":""},"categories":[1],"tags":[],"class_list":["post-13435","post","type-post","status-publish","format-standard","has-post-thumbnail","hentry","category-ugdymas"],"author_meta":{"display_name":"admin","author_link":"https:\/\/www.sauletekio.vilniausr.lm.lt\/?author=1"},"featured_img":"https:\/\/www.sauletekio.vilniausr.lm.lt\/wp-content\/uploads\/2022\/03\/nggallery_import\/2-1-300x225.jpg","uagb_featured_image_src":{"full":["https:\/\/www.sauletekio.vilniausr.lm.lt\/wp-content\/uploads\/2022\/03\/nggallery_import\/2-1.jpg",820,615,false],"thumbnail":["https:\/\/www.sauletekio.vilniausr.lm.lt\/wp-content\/uploads\/2022\/03\/nggallery_import\/2-1-150x150.jpg",150,150,true],"medium":["https:\/\/www.sauletekio.vilniausr.lm.lt\/wp-content\/uploads\/2022\/03\/nggallery_import\/2-1-300x225.jpg",300,225,true],"medium_large":["https:\/\/www.sauletekio.vilniausr.lm.lt\/wp-content\/uploads\/2022\/03\/nggallery_import\/2-1-768x576.jpg",768,576,true],"large":["https:\/\/www.sauletekio.vilniausr.lm.lt\/wp-content\/uploads\/2022\/03\/nggallery_import\/2-1.jpg",800,600,false],"1536x1536":["https:\/\/www.sauletekio.vilniausr.lm.lt\/wp-content\/uploads\/2022\/03\/nggallery_import\/2-1.jpg",820,615,false],"2048x2048":["https:\/\/www.sauletekio.vilniausr.lm.lt\/wp-content\/uploads\/2022\/03\/nggallery_import\/2-1.jpg",820,615,false],"post-thumbnail":["https:\/\/www.sauletekio.vilniausr.lm.lt\/wp-content\/uploads\/2022\/03\/nggallery_import\/2-1-150x113.jpg",150,113,true],"header":["https:\/\/www.sauletekio.vilniausr.lm.lt\/wp-content\/uploads\/2022\/03\/nggallery_import\/2-1-820x180.jpg",820,180,true],"slider":["https:\/\/www.sauletekio.vilniausr.lm.lt\/wp-content\/uploads\/2022\/03\/nggallery_import\/2-1-820x580.jpg",820,580,true],"columns":["https:\/\/www.sauletekio.vilniausr.lm.lt\/wp-content\/uploads\/2022\/03\/nggallery_import\/2-1-400x311.jpg",400,311,true],"custom":["https:\/\/www.sauletekio.vilniausr.lm.lt\/wp-content\/uploads\/2022\/03\/nggallery_import\/2-1-350x280.jpg",350,280,true]},"uagb_author_info":{"display_name":"admin","author_link":"https:\/\/www.sauletekio.vilniausr.lm.lt\/?author=1"},"uagb_comment_info":0,"uagb_excerpt":"Mokyklos bendruomen\u0117 kovo 21 d. min\u0117jo pasaulin\u0119 Dauno sindromo dien\u0105. Min\u0117jimo simbolis \u2013 skirtingos kojin\u0117s. Skirtingos kojin\u0117s yra tapusios tarptautiniu tolerancijos \u017emon\u0117ms su Dauno sindromu simboliu, nes pie\u0161iamos kojin\u0117s forma yra pana\u0161i \u012f chromosomos form\u0105. Mamyt\u0117s, auginan\u010dios Dauno sindrom\u0105 turin\u010dias ,,saulytes\u201c,&nbsp; pasidalino asmenine patirtimi, supa\u017eindino su sindromu, papasakojo, kaip tokie... T\u0119sti skaitym\u0105","coauthors":[],"tax_additional":{"categories":{"linked":["<a href=\"https:\/\/www.sauletekio.vilniausr.lm.lt\/?cat=1\" class=\"advgb-post-tax-term\">Ugdymas<\/a>"],"unlinked":["<span class=\"advgb-post-tax-term\">Ugdymas<\/span>"]}},"comment_count":"0","relative_dates":{"created":"Posted 4 metai ago","modified":"Updated 4 metai ago"},"absolute_dates":{"created":"Posted on 2022-03-22","modified":"Updated on 2022-03-22"},"absolute_dates_time":{"created":"Posted on 2022-03-22 13:46","modified":"Updated on 2022-03-22 14:14"},"featured_img_caption":"","series_order":"","_links":{"self":[{"href":"https:\/\/www.sauletekio.vilniausr.lm.lt\/index.php?rest_route=\/wp\/v2\/posts\/13435","targetHints":{"allow":["GET"]}}],"collection":[{"href":"https:\/\/www.sauletekio.vilniausr.lm.lt\/index.php?rest_route=\/wp\/v2\/posts"}],"about":[{"href":"https:\/\/www.sauletekio.vilniausr.lm.lt\/index.php?rest_route=\/wp\/v2\/types\/post"}],"author":[{"embeddable":true,"href":"https:\/\/www.sauletekio.vilniausr.lm.lt\/index.php?rest_route=\/wp\/v2\/users\/1"}],"replies":[{"embeddable":true,"href":"https:\/\/www.sauletekio.vilniausr.lm.lt\/index.php?rest_route=%2Fwp%2Fv2%2Fcomments&post=13435"}],"version-history":[{"count":3,"href":"https:\/\/www.sauletekio.vilniausr.lm.lt\/index.php?rest_route=\/wp\/v2\/posts\/13435\/revisions"}],"predecessor-version":[{"id":13441,"href":"https:\/\/www.sauletekio.vilniausr.lm.lt\/index.php?rest_route=\/wp\/v2\/posts\/13435\/revisions\/13441"}],"wp:featuredmedia":[{"embeddable":true,"href":"https:\/\/www.sauletekio.vilniausr.lm.lt\/index.php?rest_route=\/wp\/v2\/media\/13437"}],"wp:attachment":[{"href":"https:\/\/www.sauletekio.vilniausr.lm.lt\/index.php?rest_route=%2Fwp%2Fv2%2Fmedia&parent=13435"}],"wp:term":[{"taxonomy":"category","embeddable":true,"href":"https:\/\/www.sauletekio.vilniausr.lm.lt\/index.php?rest_route=%2Fwp%2Fv2%2Fcategories&post=13435"},{"taxonomy":"post_tag","embeddable":true,"href":"https:\/\/www.sauletekio.vilniausr.lm.lt\/index.php?rest_route=%2Fwp%2Fv2%2Ftags&post=13435"}],"curies":[{"name":"wp","href":"https:\/\/api.w.org\/{rel}","templated":true}]}}