{"id":13459,"date":"2022-03-23T10:05:56","date_gmt":"2022-03-23T08:05:56","guid":{"rendered":"https:\/\/www.sauletekio.vilniausr.lm.lt\/?p=13459"},"modified":"2022-03-23T10:05:56","modified_gmt":"2022-03-23T08:05:56","slug":"projektas-tyrinejimo-menas-mokomes-bendruomeneje-perzenge-mokyklos-ribas","status":"publish","type":"post","link":"https:\/\/www.sauletekio.vilniausr.lm.lt\/?p=13459","title":{"rendered":"PROJEKTAS \u201eTYRIN\u0116JIMO MENAS: MOKOM\u0116S BENDRUOMEN\u0116JE\u201c PER\u017dENG\u0116 MOKYKLOS RIBAS"},"content":{"rendered":"<div class=\"fcbkbttn_buttons_block\" id=\"fcbkbttn_left\"><div class=\"fcbkbttn_like \"><fb:like href=\"https:\/\/www.sauletekio.vilniausr.lm.lt\/?p=13459\" action=\"like\" colorscheme=\"light\" layout=\"button_count\"  size=\"small\"><\/fb:like><\/div><div class=\"fb-share-button  \" data-href=\"https:\/\/www.sauletekio.vilniausr.lm.lt\/?p=13459\" data-type=\"button_count\" data-size=\"small\"><\/div><\/div>\n<p>2022 m. kovo 21 d. Vilniaus r. Bezdoni\u0173 \u201eSaul\u0117tekio\u201c pagrindin\u0117je mokykloje \u012fvyko baigiamasis programos \u201eTyrin\u0117jimo menas: mokom\u0117s bendruomen\u0117je\u201c renginys, \u012f kur\u012f Mokytoj\u0173 klubas pakviet\u0117 visus savo mokyklos mokytojus, Vilniaus r. Bezdoni\u0173 Julijaus Slovackio gimnazijos, Vilniaus r. Nemen\u010din\u0117s Gedimino gimnazijos ir Vilniaus r. Paken\u0117s \u010ceslovo Milo\u0161o pagrindin\u0117s mokyklos vadovus ir mokytojus, taip pat asociacijos \u201eK\u016brybin\u0117s jungtys\u201c ir Aktyvi\u0173 pilie\u010di\u0173 fondo atstovus.<\/p>\n\n\n\n<p>Mokytojai papasakojo apie projekt\u0105, jo vykdym\u0105 ir rezultatus, pristat\u0117 parengt\u0105 ugdymo metod\u0173 leidin\u012f \u201eMokom\u0117s bendruomen\u0117je. Ugdymo metod\u0173 rinkinys\u201c ir pademonstravo dal\u012f metod\u0173 prakti\u0161kai. Visi leidinyje apra\u0161yti metodai yra i\u0161bandyti Mokytoj\u0173 klubo u\u017esi\u0117mimuose arba programos planavimo ir \u012fgyvendinimo sesijose. V\u0117liau jie buvo parsine\u0161ti \u012f pamokas ir panaudoti veiklose su mokiniais. Metodai ugdo k\u016brybi\u0161kumo ir bendradarbiavimo kompetencijas, padeda mokytojams dirbti \u0161iuolaiki\u0161kai, vesti \u012ftraukias ir motyvacij\u0105 skatinan\u010dias pamokas.<\/p>\n\n\n\n<p>Renginio metu taip pat buvo pristatyta ir projekto metu mokini\u0173 vykdyta veikla bei pasiektas rezultatas \u2013 edukacin\u0117 siena, kuriai eskizus pie\u0161\u0117 patys mokiniai, integruodami lietuvi\u0173 kalbos ir matematikos dalyk\u0173 elementus.<\/p>\n\n\n\n<p>Jau puse met\u0173 vykstan\u010dio projekto metu lygiagre\u010diai mok\u0117si mokiniai ir mokytojai, kuriuos \u0161iame kelyje lyd\u0117jo kurian\u010dioji praktik\u0117, bendruomeni\u0173 fasilitator\u0117 Stefanija Paulauskait\u0117 ir vizualinio m\u0105stymo praktik\u0117, fasilitator\u0117, laipiojimo instruktor\u0117 Au\u0161rin\u0117 Balkaityt\u0117.<\/p>\n\n\n\n<p>Teigiama, kad geras mokytojas vis\u0105 gyvenim\u0105 pats turi b\u016bti mokinys, tod\u0117l mokyklos mokytojai mokosi vieni i\u0161 kit\u0173, su mokiniais drauge ir i\u0161 mokini\u0173!<\/p>\n\n\n\n<p>Program\u0105 \u201eTyrin\u0117jimo menas: mokom\u0117s bendruomen\u0117je\u201c (<a href=\"https:\/\/www.facebook.com\/hashtag\/tyrin%C4%97jimomenas?__eep__=6&amp;__cft__%5b0%5d=AZW9dqvXyrDQiM5i4sPYABkHzY6eGQbjP5UpHQ91jagB11MHCs20eDENgywQZEiBh_EbprgEAV-1_6d9Q3TfUVXH_KyVg3xe1Veocb0H7u15FWH-7G1IgzZaXdTGtKIaOgppflpDp9QChLJh9bL92bXKfwVhe4UmSQ_m-_QaO8kNiA&amp;__tn__=*NK-R\">#Tyrin\u0117jimoMenas<\/a> <a href=\"https:\/\/www.facebook.com\/hashtag\/mokom%C4%97sbendruomen%C4%97je?__eep__=6&amp;__cft__%5b0%5d=AZW9dqvXyrDQiM5i4sPYABkHzY6eGQbjP5UpHQ91jagB11MHCs20eDENgywQZEiBh_EbprgEAV-1_6d9Q3TfUVXH_KyVg3xe1Veocb0H7u15FWH-7G1IgzZaXdTGtKIaOgppflpDp9QChLJh9bL92bXKfwVhe4UmSQ_m-_QaO8kNiA&amp;__tn__=*NK-R\">#Mokom\u0117sBendruomen\u0117je<\/a>) \u012fgyvendina asociacija <a href=\"https:\/\/www.facebook.com\/KurybinesJungtys\/?__cft__%5b0%5d=AZUdECriTsmZWxyu93fY-snljeRL0W9Chb1hnUX1xQPQlWOEkI3fWahMb2_R9q_M7BOlB_POW8QUAjmRB414mlGBXUrHVJNmdgkDum63rUrWz_Aq22NLSDc5lzxpq475HTaXHCQQBl4t2Kd9Je_G2PmR&amp;__tn__=kK-R\">K\u016brybin\u0117s jungtys<\/a>, bendradarbiaudama su Vilniaus miesto savivaldybe, Vilniaus \u0161vietimo pa\u017eangos centru, Lietuvos nacionaline Martyno Ma\u017evydo biblioteka vykdomo Kult\u016brin\u0117s edukacijos sistema projektu, meninink\u0173 grupe \u201e\u017duvies AKIS\u201c bei Aktyvi\u0173 pilie\u010di\u0173 fondu, finansuojamu EEE finansinio mechanizmo l\u0117\u0161omis. Asociacijos \u201eK\u016brybin\u0117s jungtys\u201c veikl\u0105 finansuoja Lietuvos kult\u016bros taryba.<\/p>\n\n\n\nngg_shortcode_0_placeholder\n","protected":false},"excerpt":{"rendered":"<p>2022 m. kovo 21 d. Vilniaus r. Bezdoni\u0173 \u201eSaul\u0117tekio\u201c pagrindin\u0117je mokykloje \u012fvyko baigiamasis programos \u201eTyrin\u0117jimo menas: mokom\u0117s bendruomen\u0117je\u201c renginys, \u012f kur\u012f Mokytoj\u0173 klubas pakviet\u0117 visus savo mokyklos mokytojus, Vilniaus r. Bezdoni\u0173 Julijaus Slovackio gimnazijos, Vilniaus r. Nemen\u010din\u0117s Gedimino gimnazijos ir Vilniaus r. Paken\u0117s \u010ceslovo Milo\u0161o pagrindin\u0117s mokyklos vadovus ir mokytojus,&#8230;<\/p>\n<p> <a class=\"continue-reading-link\" href=\"https:\/\/www.sauletekio.vilniausr.lm.lt\/?p=13459\"><span>T\u0119sti skaitym\u0105<\/span><i class=\"crycon-right-dir\"><\/i><\/a> <\/p>\n","protected":false},"author":1,"featured_media":13461,"comment_status":"closed","ping_status":"closed","sticky":false,"template":"","format":"standard","meta":{"_uag_custom_page_level_css":"","advgb_blocks_editor_width":"","advgb_blocks_columns_visual_guide":"","ngg_post_thumbnail":4088,"footnotes":""},"categories":[11],"tags":[],"class_list":["post-13459","post","type-post","status-publish","format-standard","has-post-thumbnail","hentry","category-renginiai"],"author_meta":{"display_name":"admin","author_link":"https:\/\/www.sauletekio.vilniausr.lm.lt\/?author=1"},"featured_img":"https:\/\/www.sauletekio.vilniausr.lm.lt\/wp-content\/uploads\/2022\/03\/nggallery_import\/02-300x168.jpeg","uagb_featured_image_src":{"full":["https:\/\/www.sauletekio.vilniausr.lm.lt\/wp-content\/uploads\/2022\/03\/nggallery_import\/02.jpeg",820,459,false],"thumbnail":["https:\/\/www.sauletekio.vilniausr.lm.lt\/wp-content\/uploads\/2022\/03\/nggallery_import\/02-150x150.jpeg",150,150,true],"medium":["https:\/\/www.sauletekio.vilniausr.lm.lt\/wp-content\/uploads\/2022\/03\/nggallery_import\/02-300x168.jpeg",300,168,true],"medium_large":["https:\/\/www.sauletekio.vilniausr.lm.lt\/wp-content\/uploads\/2022\/03\/nggallery_import\/02-768x430.jpeg",768,430,true],"large":["https:\/\/www.sauletekio.vilniausr.lm.lt\/wp-content\/uploads\/2022\/03\/nggallery_import\/02.jpeg",800,448,false],"1536x1536":["https:\/\/www.sauletekio.vilniausr.lm.lt\/wp-content\/uploads\/2022\/03\/nggallery_import\/02.jpeg",820,459,false],"2048x2048":["https:\/\/www.sauletekio.vilniausr.lm.lt\/wp-content\/uploads\/2022\/03\/nggallery_import\/02.jpeg",820,459,false],"post-thumbnail":["https:\/\/www.sauletekio.vilniausr.lm.lt\/wp-content\/uploads\/2022\/03\/nggallery_import\/02-150x84.jpeg",150,84,true],"header":["https:\/\/www.sauletekio.vilniausr.lm.lt\/wp-content\/uploads\/2022\/03\/nggallery_import\/02-820x180.jpeg",820,180,true],"slider":["https:\/\/www.sauletekio.vilniausr.lm.lt\/wp-content\/uploads\/2022\/03\/nggallery_import\/02.jpeg",820,459,false],"columns":["https:\/\/www.sauletekio.vilniausr.lm.lt\/wp-content\/uploads\/2022\/03\/nggallery_import\/02-400x311.jpeg",400,311,true],"custom":["https:\/\/www.sauletekio.vilniausr.lm.lt\/wp-content\/uploads\/2022\/03\/nggallery_import\/02-350x280.jpeg",350,280,true]},"uagb_author_info":{"display_name":"admin","author_link":"https:\/\/www.sauletekio.vilniausr.lm.lt\/?author=1"},"uagb_comment_info":0,"uagb_excerpt":"2022 m. kovo 21 d. Vilniaus r. Bezdoni\u0173 \u201eSaul\u0117tekio\u201c pagrindin\u0117je mokykloje \u012fvyko baigiamasis programos \u201eTyrin\u0117jimo menas: mokom\u0117s bendruomen\u0117je\u201c renginys, \u012f kur\u012f Mokytoj\u0173 klubas pakviet\u0117 visus savo mokyklos mokytojus, Vilniaus r. Bezdoni\u0173 Julijaus Slovackio gimnazijos, Vilniaus r. Nemen\u010din\u0117s Gedimino gimnazijos ir Vilniaus r. Paken\u0117s \u010ceslovo Milo\u0161o pagrindin\u0117s mokyklos vadovus ir mokytojus,... T\u0119sti skaitym\u0105","coauthors":[],"tax_additional":{"categories":{"linked":["<a href=\"https:\/\/www.sauletekio.vilniausr.lm.lt\/?cat=11\" class=\"advgb-post-tax-term\">Renginiai<\/a>"],"unlinked":["<span class=\"advgb-post-tax-term\">Renginiai<\/span>"]}},"comment_count":"0","relative_dates":{"created":"Posted 4 metai ago","modified":"Updated 4 metai ago"},"absolute_dates":{"created":"Posted on 2022-03-23","modified":"Updated on 2022-03-23"},"absolute_dates_time":{"created":"Posted on 2022-03-23 10:05","modified":"Updated on 2022-03-23 10:05"},"featured_img_caption":"","series_order":"","_links":{"self":[{"href":"https:\/\/www.sauletekio.vilniausr.lm.lt\/index.php?rest_route=\/wp\/v2\/posts\/13459","targetHints":{"allow":["GET"]}}],"collection":[{"href":"https:\/\/www.sauletekio.vilniausr.lm.lt\/index.php?rest_route=\/wp\/v2\/posts"}],"about":[{"href":"https:\/\/www.sauletekio.vilniausr.lm.lt\/index.php?rest_route=\/wp\/v2\/types\/post"}],"author":[{"embeddable":true,"href":"https:\/\/www.sauletekio.vilniausr.lm.lt\/index.php?rest_route=\/wp\/v2\/users\/1"}],"replies":[{"embeddable":true,"href":"https:\/\/www.sauletekio.vilniausr.lm.lt\/index.php?rest_route=%2Fwp%2Fv2%2Fcomments&post=13459"}],"version-history":[{"count":1,"href":"https:\/\/www.sauletekio.vilniausr.lm.lt\/index.php?rest_route=\/wp\/v2\/posts\/13459\/revisions"}],"predecessor-version":[{"id":13460,"href":"https:\/\/www.sauletekio.vilniausr.lm.lt\/index.php?rest_route=\/wp\/v2\/posts\/13459\/revisions\/13460"}],"wp:featuredmedia":[{"embeddable":true,"href":"https:\/\/www.sauletekio.vilniausr.lm.lt\/index.php?rest_route=\/wp\/v2\/media\/13461"}],"wp:attachment":[{"href":"https:\/\/www.sauletekio.vilniausr.lm.lt\/index.php?rest_route=%2Fwp%2Fv2%2Fmedia&parent=13459"}],"wp:term":[{"taxonomy":"category","embeddable":true,"href":"https:\/\/www.sauletekio.vilniausr.lm.lt\/index.php?rest_route=%2Fwp%2Fv2%2Fcategories&post=13459"},{"taxonomy":"post_tag","embeddable":true,"href":"https:\/\/www.sauletekio.vilniausr.lm.lt\/index.php?rest_route=%2Fwp%2Fv2%2Ftags&post=13459"}],"curies":[{"name":"wp","href":"https:\/\/api.w.org\/{rel}","templated":true}]}}