{"id":13511,"date":"2022-03-29T13:25:45","date_gmt":"2022-03-29T11:25:45","guid":{"rendered":"https:\/\/www.sauletekio.vilniausr.lm.lt\/?p=13511"},"modified":"2022-03-29T13:25:45","modified_gmt":"2022-03-29T11:25:45","slug":"sirdyse-su-ukraina","status":"publish","type":"post","link":"https:\/\/www.sauletekio.vilniausr.lm.lt\/?p=13511","title":{"rendered":"\u0160IRDYSE SU UKRAINA"},"content":{"rendered":"<div class=\"fcbkbttn_buttons_block\" id=\"fcbkbttn_left\"><div class=\"fcbkbttn_like \"><fb:like href=\"https:\/\/www.sauletekio.vilniausr.lm.lt\/?p=13511\" action=\"like\" colorscheme=\"light\" layout=\"button_count\"  size=\"small\"><\/fb:like><\/div><div class=\"fb-share-button  \" data-href=\"https:\/\/www.sauletekio.vilniausr.lm.lt\/?p=13511\" data-type=\"button_count\" data-size=\"small\"><\/div><\/div>\n<p>Jau m\u0117nuo kaip m\u016bs\u0173 mokyklos mokiniai ir mokytojai savo \u0161irdimis palaiko Ukrainos vaikus ir visus \u017emones bei bendr\u0105 vertyb\u0119 \u2013 laisv\u0119. Dalyvavome Ukrainos palaikymo iniciatyvoje ,,Laisv\u0117s apyrank\u0117\u201c ir pilietin\u0117je&nbsp; akcijoje ,,Gyvasis tautos \u017eiedas\u201d, kuri\u0173 metu supyn\u0117me laisv\u0117s apyrank\u0119 ir sub\u016br\u0117me vientis\u0105 mokini\u0173 ir mokytoj\u0173 \u017eied\u0105.<\/p>\n\n\n\n<p>Mokykloje mokiniai pie\u0161\u0117 Lietuvos vard\u0105 \u012fpindami \u012f savo pie\u0161inius Ukrainos simbolius ir Ukrainos v\u0117liavos spalvomis tap\u0117 pavasario g\u0117les.<\/p>\n\n\n\n<p>Teigiama, kad n\u0117ra pavojingesnio \u017emogaus u\u017e abejing\u0105 \u017emog\u0173. Mes neliekame abejingi! M\u016bs\u0173 \u0161irdyse \u017eiba LAISV\u0116S \u017eiburys!<\/p>\n\n\n\n<figure class=\"wp-block-gallery has-nested-images columns-default is-cropped wp-block-gallery-1 is-layout-flex wp-block-gallery-is-layout-flex\">\n<figure class=\"wp-block-image size-large is-style-default\"><a href=\"https:\/\/www.sauletekio.vilniausr.lm.lt\/wp-content\/uploads\/2022\/03\/1.png\"><img loading=\"lazy\" decoding=\"async\" width=\"482\" height=\"700\" data-id=\"13512\" src=\"https:\/\/www.sauletekio.vilniausr.lm.lt\/wp-content\/uploads\/2022\/03\/1.png\" alt=\"\" class=\"wp-image-13512\" srcset=\"https:\/\/www.sauletekio.vilniausr.lm.lt\/wp-content\/uploads\/2022\/03\/1.png 482w, https:\/\/www.sauletekio.vilniausr.lm.lt\/wp-content\/uploads\/2022\/03\/1-207x300.png 207w, https:\/\/www.sauletekio.vilniausr.lm.lt\/wp-content\/uploads\/2022\/03\/1-103x150.png 103w\" sizes=\"auto, (max-width: 482px) 100vw, 482px\" \/><\/a><\/figure>\n\n\n\n<figure class=\"wp-block-image size-large is-style-default\"><a href=\"https:\/\/www.sauletekio.vilniausr.lm.lt\/wp-content\/uploads\/2022\/03\/2.png\"><img loading=\"lazy\" decoding=\"async\" width=\"610\" height=\"866\" data-id=\"13513\" src=\"https:\/\/www.sauletekio.vilniausr.lm.lt\/wp-content\/uploads\/2022\/03\/2.png\" alt=\"\" class=\"wp-image-13513\" srcset=\"https:\/\/www.sauletekio.vilniausr.lm.lt\/wp-content\/uploads\/2022\/03\/2.png 610w, https:\/\/www.sauletekio.vilniausr.lm.lt\/wp-content\/uploads\/2022\/03\/2-211x300.png 211w, https:\/\/www.sauletekio.vilniausr.lm.lt\/wp-content\/uploads\/2022\/03\/2-106x150.png 106w\" sizes=\"auto, (max-width: 610px) 100vw, 610px\" \/><\/a><\/figure>\n\n\n\n<figure class=\"wp-block-image size-large is-style-default\"><a href=\"https:\/\/www.sauletekio.vilniausr.lm.lt\/wp-content\/uploads\/2022\/03\/3.png\"><img loading=\"lazy\" decoding=\"async\" width=\"1024\" height=\"758\" data-id=\"13515\" src=\"https:\/\/www.sauletekio.vilniausr.lm.lt\/wp-content\/uploads\/2022\/03\/3-1024x758.png\" alt=\"\" class=\"wp-image-13515\" srcset=\"https:\/\/www.sauletekio.vilniausr.lm.lt\/wp-content\/uploads\/2022\/03\/3-1024x758.png 1024w, https:\/\/www.sauletekio.vilniausr.lm.lt\/wp-content\/uploads\/2022\/03\/3-300x222.png 300w, https:\/\/www.sauletekio.vilniausr.lm.lt\/wp-content\/uploads\/2022\/03\/3-768x569.png 768w, https:\/\/www.sauletekio.vilniausr.lm.lt\/wp-content\/uploads\/2022\/03\/3-150x111.png 150w, https:\/\/www.sauletekio.vilniausr.lm.lt\/wp-content\/uploads\/2022\/03\/3.png 1130w\" sizes=\"auto, (max-width: 1024px) 100vw, 1024px\" \/><\/a><\/figure>\n\n\n\n<figure class=\"wp-block-image size-large is-style-default\"><a href=\"https:\/\/www.sauletekio.vilniausr.lm.lt\/wp-content\/uploads\/2022\/03\/4.png\"><img loading=\"lazy\" decoding=\"async\" width=\"1138\" height=\"849\" data-id=\"13514\" src=\"https:\/\/www.sauletekio.vilniausr.lm.lt\/wp-content\/uploads\/2022\/03\/4-1024x764.png\" alt=\"\" class=\"wp-image-13514\" srcset=\"https:\/\/www.sauletekio.vilniausr.lm.lt\/wp-content\/uploads\/2022\/03\/4-1024x764.png 1024w, https:\/\/www.sauletekio.vilniausr.lm.lt\/wp-content\/uploads\/2022\/03\/4-300x224.png 300w, https:\/\/www.sauletekio.vilniausr.lm.lt\/wp-content\/uploads\/2022\/03\/4-768x573.png 768w, https:\/\/www.sauletekio.vilniausr.lm.lt\/wp-content\/uploads\/2022\/03\/4-150x112.png 150w, https:\/\/www.sauletekio.vilniausr.lm.lt\/wp-content\/uploads\/2022\/03\/4.png 1138w\" sizes=\"auto, (max-width: 1138px) 100vw, 1138px\" \/><\/a><\/figure>\n\n\n\n<figure class=\"wp-block-image size-large is-style-default\"><a href=\"https:\/\/www.sauletekio.vilniausr.lm.lt\/wp-content\/uploads\/2022\/03\/5.png\"><img loading=\"lazy\" decoding=\"async\" width=\"1024\" height=\"763\" data-id=\"13516\" src=\"https:\/\/www.sauletekio.vilniausr.lm.lt\/wp-content\/uploads\/2022\/03\/5-1024x763.png\" alt=\"\" class=\"wp-image-13516\" srcset=\"https:\/\/www.sauletekio.vilniausr.lm.lt\/wp-content\/uploads\/2022\/03\/5-1024x763.png 1024w, https:\/\/www.sauletekio.vilniausr.lm.lt\/wp-content\/uploads\/2022\/03\/5-300x223.png 300w, https:\/\/www.sauletekio.vilniausr.lm.lt\/wp-content\/uploads\/2022\/03\/5-768x572.png 768w, https:\/\/www.sauletekio.vilniausr.lm.lt\/wp-content\/uploads\/2022\/03\/5-150x112.png 150w, https:\/\/www.sauletekio.vilniausr.lm.lt\/wp-content\/uploads\/2022\/03\/5.png 1132w\" sizes=\"auto, (max-width: 1024px) 100vw, 1024px\" \/><\/a><\/figure>\n<\/figure>\n\n\n\nngg_shortcode_0_placeholder\n","protected":false},"excerpt":{"rendered":"<p>Jau m\u0117nuo kaip m\u016bs\u0173 mokyklos mokiniai ir mokytojai savo \u0161irdimis palaiko Ukrainos vaikus ir visus \u017emones bei bendr\u0105 vertyb\u0119 \u2013 laisv\u0119. Dalyvavome Ukrainos palaikymo iniciatyvoje ,,Laisv\u0117s apyrank\u0117\u201c ir pilietin\u0117je&nbsp; akcijoje ,,Gyvasis tautos \u017eiedas\u201d, kuri\u0173 metu supyn\u0117me laisv\u0117s apyrank\u0119 ir sub\u016br\u0117me vientis\u0105 mokini\u0173 ir mokytoj\u0173 \u017eied\u0105. Mokykloje mokiniai pie\u0161\u0117 Lietuvos vard\u0105&#8230;<\/p>\n<p> <a class=\"continue-reading-link\" href=\"https:\/\/www.sauletekio.vilniausr.lm.lt\/?p=13511\"><span>T\u0119sti skaitym\u0105<\/span><i class=\"crycon-right-dir\"><\/i><\/a> <\/p>\n","protected":false},"author":1,"featured_media":13515,"comment_status":"closed","ping_status":"closed","sticky":false,"template":"","format":"standard","meta":{"_uag_custom_page_level_css":"","advgb_blocks_editor_width":"","advgb_blocks_columns_visual_guide":"","ngg_post_thumbnail":0,"footnotes":""},"categories":[1],"tags":[],"class_list":["post-13511","post","type-post","status-publish","format-standard","has-post-thumbnail","hentry","category-ugdymas"],"author_meta":{"display_name":"admin","author_link":"https:\/\/www.sauletekio.vilniausr.lm.lt\/?author=1"},"featured_img":"https:\/\/www.sauletekio.vilniausr.lm.lt\/wp-content\/uploads\/2022\/03\/3-300x222.png","uagb_featured_image_src":{"full":["https:\/\/www.sauletekio.vilniausr.lm.lt\/wp-content\/uploads\/2022\/03\/3.png",1130,837,false],"thumbnail":["https:\/\/www.sauletekio.vilniausr.lm.lt\/wp-content\/uploads\/2022\/03\/3-150x150.png",150,150,true],"medium":["https:\/\/www.sauletekio.vilniausr.lm.lt\/wp-content\/uploads\/2022\/03\/3-300x222.png",300,222,true],"medium_large":["https:\/\/www.sauletekio.vilniausr.lm.lt\/wp-content\/uploads\/2022\/03\/3-768x569.png",768,569,true],"large":["https:\/\/www.sauletekio.vilniausr.lm.lt\/wp-content\/uploads\/2022\/03\/3-1024x758.png",800,592,true],"1536x1536":["https:\/\/www.sauletekio.vilniausr.lm.lt\/wp-content\/uploads\/2022\/03\/3.png",1130,837,false],"2048x2048":["https:\/\/www.sauletekio.vilniausr.lm.lt\/wp-content\/uploads\/2022\/03\/3.png",1130,837,false],"post-thumbnail":["https:\/\/www.sauletekio.vilniausr.lm.lt\/wp-content\/uploads\/2022\/03\/3-150x111.png",150,111,true],"header":["https:\/\/www.sauletekio.vilniausr.lm.lt\/wp-content\/uploads\/2022\/03\/3-1130x180.png",1130,180,true],"slider":["https:\/\/www.sauletekio.vilniausr.lm.lt\/wp-content\/uploads\/2022\/03\/3-1130x580.png",1130,580,true],"columns":["https:\/\/www.sauletekio.vilniausr.lm.lt\/wp-content\/uploads\/2022\/03\/3-400x311.png",400,311,true],"custom":["https:\/\/www.sauletekio.vilniausr.lm.lt\/wp-content\/uploads\/2022\/03\/3-350x280.png",350,280,true]},"uagb_author_info":{"display_name":"admin","author_link":"https:\/\/www.sauletekio.vilniausr.lm.lt\/?author=1"},"uagb_comment_info":0,"uagb_excerpt":"Jau m\u0117nuo kaip m\u016bs\u0173 mokyklos mokiniai ir mokytojai savo \u0161irdimis palaiko Ukrainos vaikus ir visus \u017emones bei bendr\u0105 vertyb\u0119 \u2013 laisv\u0119. Dalyvavome Ukrainos palaikymo iniciatyvoje ,,Laisv\u0117s apyrank\u0117\u201c ir pilietin\u0117je&nbsp; akcijoje ,,Gyvasis tautos \u017eiedas\u201d, kuri\u0173 metu supyn\u0117me laisv\u0117s apyrank\u0119 ir sub\u016br\u0117me vientis\u0105 mokini\u0173 ir mokytoj\u0173 \u017eied\u0105. Mokykloje mokiniai pie\u0161\u0117 Lietuvos vard\u0105... T\u0119sti skaitym\u0105","coauthors":[],"tax_additional":{"categories":{"linked":["<a href=\"https:\/\/www.sauletekio.vilniausr.lm.lt\/?cat=1\" class=\"advgb-post-tax-term\">Ugdymas<\/a>"],"unlinked":["<span class=\"advgb-post-tax-term\">Ugdymas<\/span>"]}},"comment_count":"0","relative_dates":{"created":"Posted 4 metai ago","modified":"Updated 4 metai ago"},"absolute_dates":{"created":"Posted on 2022-03-29","modified":"Updated on 2022-03-29"},"absolute_dates_time":{"created":"Posted on 2022-03-29 13:25","modified":"Updated on 2022-03-29 13:25"},"featured_img_caption":"","series_order":"","_links":{"self":[{"href":"https:\/\/www.sauletekio.vilniausr.lm.lt\/index.php?rest_route=\/wp\/v2\/posts\/13511","targetHints":{"allow":["GET"]}}],"collection":[{"href":"https:\/\/www.sauletekio.vilniausr.lm.lt\/index.php?rest_route=\/wp\/v2\/posts"}],"about":[{"href":"https:\/\/www.sauletekio.vilniausr.lm.lt\/index.php?rest_route=\/wp\/v2\/types\/post"}],"author":[{"embeddable":true,"href":"https:\/\/www.sauletekio.vilniausr.lm.lt\/index.php?rest_route=\/wp\/v2\/users\/1"}],"replies":[{"embeddable":true,"href":"https:\/\/www.sauletekio.vilniausr.lm.lt\/index.php?rest_route=%2Fwp%2Fv2%2Fcomments&post=13511"}],"version-history":[{"count":1,"href":"https:\/\/www.sauletekio.vilniausr.lm.lt\/index.php?rest_route=\/wp\/v2\/posts\/13511\/revisions"}],"predecessor-version":[{"id":13517,"href":"https:\/\/www.sauletekio.vilniausr.lm.lt\/index.php?rest_route=\/wp\/v2\/posts\/13511\/revisions\/13517"}],"wp:featuredmedia":[{"embeddable":true,"href":"https:\/\/www.sauletekio.vilniausr.lm.lt\/index.php?rest_route=\/wp\/v2\/media\/13515"}],"wp:attachment":[{"href":"https:\/\/www.sauletekio.vilniausr.lm.lt\/index.php?rest_route=%2Fwp%2Fv2%2Fmedia&parent=13511"}],"wp:term":[{"taxonomy":"category","embeddable":true,"href":"https:\/\/www.sauletekio.vilniausr.lm.lt\/index.php?rest_route=%2Fwp%2Fv2%2Fcategories&post=13511"},{"taxonomy":"post_tag","embeddable":true,"href":"https:\/\/www.sauletekio.vilniausr.lm.lt\/index.php?rest_route=%2Fwp%2Fv2%2Ftags&post=13511"}],"curies":[{"name":"wp","href":"https:\/\/api.w.org\/{rel}","templated":true}]}}