{"id":13534,"date":"2022-03-31T19:35:47","date_gmt":"2022-03-31T17:35:47","guid":{"rendered":"https:\/\/www.sauletekio.vilniausr.lm.lt\/?p=13534"},"modified":"2022-03-31T19:35:48","modified_gmt":"2022-03-31T17:35:48","slug":"draugiskoji-seu-drambliada","status":"publish","type":"post","link":"https:\/\/www.sauletekio.vilniausr.lm.lt\/?p=13534","title":{"rendered":"DRAUGI\u0160KOJI SEU DRAMBLIADA"},"content":{"rendered":"<div class=\"fcbkbttn_buttons_block\" id=\"fcbkbttn_left\"><div class=\"fcbkbttn_like \"><fb:like href=\"https:\/\/www.sauletekio.vilniausr.lm.lt\/?p=13534\" action=\"like\" colorscheme=\"light\" layout=\"button_count\"  size=\"small\"><\/fb:like><\/div><div class=\"fb-share-button  \" data-href=\"https:\/\/www.sauletekio.vilniausr.lm.lt\/?p=13534\" data-type=\"button_count\" data-size=\"small\"><\/div><\/div>\n<p>Nuo kovo 14 dienos pradini\u0173 klasi\u0173 mokiniai dalyvavo SEU draugi\u0161kumo olimpiadoje \u201eDramblys\u201c, kurios tikslas atkreipti visuomen\u0117s d\u0117mes\u012f \u012f socialinio ir emocinio ugdymo svarb\u0105 ir, atliekant bendras u\u017eduotis, steb\u0117ti pa\u017eang\u0105.<\/p>\n\n\n\n<p>Renginio metu, atliekant u\u017eduotis, ugdomos 5 pagrindin\u0117s socialin\u0117s emocin\u0117s kompetencijos: savimon\u0117, savitvarda, socialinis s\u0105moningumas, tarpusavio santykiai, atsaking\u0173 sprendim\u0173 pri\u0117mimas.<\/p>\n\n\n\n<p>D\u017eiugu, kad olimpiada \u201eDramblys\u201c vaikams suteik\u0117 daug smalsumo, apm\u0105stymo, laim\u0117s akimirk\u0173 ir sutvirtino vaik\u0173 draugi\u0161k\u0105 tarpusavio ry\u0161\u012f.<\/p>\n\n\n\nngg_shortcode_0_placeholder\n","protected":false},"excerpt":{"rendered":"<p>Nuo kovo 14 dienos pradini\u0173 klasi\u0173 mokiniai dalyvavo SEU draugi\u0161kumo olimpiadoje \u201eDramblys\u201c, kurios tikslas atkreipti visuomen\u0117s d\u0117mes\u012f \u012f socialinio ir emocinio ugdymo svarb\u0105 ir, atliekant bendras u\u017eduotis, steb\u0117ti pa\u017eang\u0105. Renginio metu, atliekant u\u017eduotis, ugdomos 5 pagrindin\u0117s socialin\u0117s emocin\u0117s kompetencijos: savimon\u0117, savitvarda, socialinis s\u0105moningumas, tarpusavio santykiai, atsaking\u0173 sprendim\u0173 pri\u0117mimas. D\u017eiugu, kad&#8230;<\/p>\n<p> <a class=\"continue-reading-link\" href=\"https:\/\/www.sauletekio.vilniausr.lm.lt\/?p=13534\"><span>T\u0119sti skaitym\u0105<\/span><i class=\"crycon-right-dir\"><\/i><\/a> <\/p>\n","protected":false},"author":1,"featured_media":13536,"comment_status":"closed","ping_status":"closed","sticky":false,"template":"","format":"standard","meta":{"_uag_custom_page_level_css":"","advgb_blocks_editor_width":"","advgb_blocks_columns_visual_guide":"","ngg_post_thumbnail":4141,"footnotes":""},"categories":[1],"tags":[],"class_list":["post-13534","post","type-post","status-publish","format-standard","has-post-thumbnail","hentry","category-ugdymas"],"author_meta":{"display_name":"admin","author_link":"https:\/\/www.sauletekio.vilniausr.lm.lt\/?author=1"},"featured_img":"https:\/\/www.sauletekio.vilniausr.lm.lt\/wp-content\/uploads\/2022\/03\/nggallery_import\/11-300x225.jpg","uagb_featured_image_src":{"full":["https:\/\/www.sauletekio.vilniausr.lm.lt\/wp-content\/uploads\/2022\/03\/nggallery_import\/11.jpg",820,615,false],"thumbnail":["https:\/\/www.sauletekio.vilniausr.lm.lt\/wp-content\/uploads\/2022\/03\/nggallery_import\/11-150x150.jpg",150,150,true],"medium":["https:\/\/www.sauletekio.vilniausr.lm.lt\/wp-content\/uploads\/2022\/03\/nggallery_import\/11-300x225.jpg",300,225,true],"medium_large":["https:\/\/www.sauletekio.vilniausr.lm.lt\/wp-content\/uploads\/2022\/03\/nggallery_import\/11-768x576.jpg",768,576,true],"large":["https:\/\/www.sauletekio.vilniausr.lm.lt\/wp-content\/uploads\/2022\/03\/nggallery_import\/11.jpg",800,600,false],"1536x1536":["https:\/\/www.sauletekio.vilniausr.lm.lt\/wp-content\/uploads\/2022\/03\/nggallery_import\/11.jpg",820,615,false],"2048x2048":["https:\/\/www.sauletekio.vilniausr.lm.lt\/wp-content\/uploads\/2022\/03\/nggallery_import\/11.jpg",820,615,false],"post-thumbnail":["https:\/\/www.sauletekio.vilniausr.lm.lt\/wp-content\/uploads\/2022\/03\/nggallery_import\/11-150x113.jpg",150,113,true],"header":["https:\/\/www.sauletekio.vilniausr.lm.lt\/wp-content\/uploads\/2022\/03\/nggallery_import\/11-820x180.jpg",820,180,true],"slider":["https:\/\/www.sauletekio.vilniausr.lm.lt\/wp-content\/uploads\/2022\/03\/nggallery_import\/11-820x580.jpg",820,580,true],"columns":["https:\/\/www.sauletekio.vilniausr.lm.lt\/wp-content\/uploads\/2022\/03\/nggallery_import\/11-400x311.jpg",400,311,true],"custom":["https:\/\/www.sauletekio.vilniausr.lm.lt\/wp-content\/uploads\/2022\/03\/nggallery_import\/11-350x280.jpg",350,280,true]},"uagb_author_info":{"display_name":"admin","author_link":"https:\/\/www.sauletekio.vilniausr.lm.lt\/?author=1"},"uagb_comment_info":0,"uagb_excerpt":"Nuo kovo 14 dienos pradini\u0173 klasi\u0173 mokiniai dalyvavo SEU draugi\u0161kumo olimpiadoje \u201eDramblys\u201c, kurios tikslas atkreipti visuomen\u0117s d\u0117mes\u012f \u012f socialinio ir emocinio ugdymo svarb\u0105 ir, atliekant bendras u\u017eduotis, steb\u0117ti pa\u017eang\u0105. Renginio metu, atliekant u\u017eduotis, ugdomos 5 pagrindin\u0117s socialin\u0117s emocin\u0117s kompetencijos: savimon\u0117, savitvarda, socialinis s\u0105moningumas, tarpusavio santykiai, atsaking\u0173 sprendim\u0173 pri\u0117mimas. D\u017eiugu, kad... T\u0119sti skaitym\u0105","coauthors":[],"tax_additional":{"categories":{"linked":["<a href=\"https:\/\/www.sauletekio.vilniausr.lm.lt\/?cat=1\" class=\"advgb-post-tax-term\">Ugdymas<\/a>"],"unlinked":["<span class=\"advgb-post-tax-term\">Ugdymas<\/span>"]}},"comment_count":"0","relative_dates":{"created":"Posted 4 metai ago","modified":"Updated 4 metai ago"},"absolute_dates":{"created":"Posted on 2022-03-31","modified":"Updated on 2022-03-31"},"absolute_dates_time":{"created":"Posted on 2022-03-31 19:35","modified":"Updated on 2022-03-31 19:35"},"featured_img_caption":"","series_order":"","_links":{"self":[{"href":"https:\/\/www.sauletekio.vilniausr.lm.lt\/index.php?rest_route=\/wp\/v2\/posts\/13534","targetHints":{"allow":["GET"]}}],"collection":[{"href":"https:\/\/www.sauletekio.vilniausr.lm.lt\/index.php?rest_route=\/wp\/v2\/posts"}],"about":[{"href":"https:\/\/www.sauletekio.vilniausr.lm.lt\/index.php?rest_route=\/wp\/v2\/types\/post"}],"author":[{"embeddable":true,"href":"https:\/\/www.sauletekio.vilniausr.lm.lt\/index.php?rest_route=\/wp\/v2\/users\/1"}],"replies":[{"embeddable":true,"href":"https:\/\/www.sauletekio.vilniausr.lm.lt\/index.php?rest_route=%2Fwp%2Fv2%2Fcomments&post=13534"}],"version-history":[{"count":1,"href":"https:\/\/www.sauletekio.vilniausr.lm.lt\/index.php?rest_route=\/wp\/v2\/posts\/13534\/revisions"}],"predecessor-version":[{"id":13535,"href":"https:\/\/www.sauletekio.vilniausr.lm.lt\/index.php?rest_route=\/wp\/v2\/posts\/13534\/revisions\/13535"}],"wp:featuredmedia":[{"embeddable":true,"href":"https:\/\/www.sauletekio.vilniausr.lm.lt\/index.php?rest_route=\/wp\/v2\/media\/13536"}],"wp:attachment":[{"href":"https:\/\/www.sauletekio.vilniausr.lm.lt\/index.php?rest_route=%2Fwp%2Fv2%2Fmedia&parent=13534"}],"wp:term":[{"taxonomy":"category","embeddable":true,"href":"https:\/\/www.sauletekio.vilniausr.lm.lt\/index.php?rest_route=%2Fwp%2Fv2%2Fcategories&post=13534"},{"taxonomy":"post_tag","embeddable":true,"href":"https:\/\/www.sauletekio.vilniausr.lm.lt\/index.php?rest_route=%2Fwp%2Fv2%2Ftags&post=13534"}],"curies":[{"name":"wp","href":"https:\/\/api.w.org\/{rel}","templated":true}]}}