{"id":13711,"date":"2022-05-06T09:19:37","date_gmt":"2022-05-06T07:19:37","guid":{"rendered":"https:\/\/www.sauletekio.vilniausr.lm.lt\/?p=13711"},"modified":"2022-05-06T09:19:37","modified_gmt":"2022-05-06T07:19:37","slug":"respublikine-pradiniu-klasiu-mokiniu-piesiniu-paroda-konkursas-velykinis-margutis","status":"publish","type":"post","link":"https:\/\/www.sauletekio.vilniausr.lm.lt\/?p=13711","title":{"rendered":"RESPUBLIKIN\u0116 PRADINI\u0172 KLASI\u0172 MOKINI\u0172 PIE\u0160INI\u0172 PARODA &#8211; KONKURSAS \u201eVELYKINIS MARGUTIS\u201c"},"content":{"rendered":"<div class=\"fcbkbttn_buttons_block\" id=\"fcbkbttn_left\"><div class=\"fcbkbttn_like \"><fb:like href=\"https:\/\/www.sauletekio.vilniausr.lm.lt\/?p=13711\" action=\"like\" colorscheme=\"light\" layout=\"button_count\"  size=\"small\"><\/fb:like><\/div><div class=\"fb-share-button  \" data-href=\"https:\/\/www.sauletekio.vilniausr.lm.lt\/?p=13711\" data-type=\"button_count\" data-size=\"small\"><\/div><\/div>\n<p>\u0160iais metais m\u016bs\u0173 mokyklos 1\u20134 klasi\u0173 mokiniai dalyvavo respublikin\u0117je pradini\u0173 klasi\u0173 mokini\u0173 pie\u0161ini\u0173 parodoje \u2013 konkurse \u201eVelykinis margutis\u201c. Parodos-konkurso tikslas \u2013 skatinti mokinius dom\u0117tis lietuvi\u0173 liaudies tradicijomis ir ugdytis pagarb\u0105 etninei kult\u016brai. Konkurso metu buvo atrinkta 12 geriausi\u0173 darb\u0173, tarp kuri\u0173 pateko ir m\u016bs\u0173 mokyklos mokini\u0173 pie\u0161iniai. Nuo\u0161ird\u017eiai sveikiname visus laim\u0117tojus ir j\u0173 mokytojus!<\/p>\n\n\n\nngg_shortcode_0_placeholder\n","protected":false},"excerpt":{"rendered":"<p>\u0160iais metais m\u016bs\u0173 mokyklos 1\u20134 klasi\u0173 mokiniai dalyvavo respublikin\u0117je pradini\u0173 klasi\u0173 mokini\u0173 pie\u0161ini\u0173 parodoje \u2013 konkurse \u201eVelykinis margutis\u201c. Parodos-konkurso tikslas \u2013 skatinti mokinius dom\u0117tis lietuvi\u0173 liaudies tradicijomis ir ugdytis pagarb\u0105 etninei kult\u016brai. Konkurso metu buvo atrinkta 12 geriausi\u0173 darb\u0173, tarp kuri\u0173 pateko ir m\u016bs\u0173 mokyklos mokini\u0173 pie\u0161iniai. Nuo\u0161ird\u017eiai sveikiname visus&#8230;<\/p>\n<p> <a class=\"continue-reading-link\" href=\"https:\/\/www.sauletekio.vilniausr.lm.lt\/?p=13711\"><span>T\u0119sti skaitym\u0105<\/span><i class=\"crycon-right-dir\"><\/i><\/a> <\/p>\n","protected":false},"author":1,"featured_media":13713,"comment_status":"closed","ping_status":"closed","sticky":false,"template":"","format":"standard","meta":{"_uag_custom_page_level_css":"","advgb_blocks_editor_width":"","advgb_blocks_columns_visual_guide":"","ngg_post_thumbnail":4216,"footnotes":""},"categories":[11],"tags":[],"class_list":["post-13711","post","type-post","status-publish","format-standard","has-post-thumbnail","hentry","category-renginiai"],"author_meta":{"display_name":"admin","author_link":"https:\/\/www.sauletekio.vilniausr.lm.lt\/?author=1"},"featured_img":"https:\/\/www.sauletekio.vilniausr.lm.lt\/wp-content\/uploads\/2022\/05\/nggallery_import\/Dominyko-224x300.jpg","uagb_featured_image_src":{"full":["https:\/\/www.sauletekio.vilniausr.lm.lt\/wp-content\/uploads\/2022\/05\/nggallery_import\/Dominyko.jpg",573,768,false],"thumbnail":["https:\/\/www.sauletekio.vilniausr.lm.lt\/wp-content\/uploads\/2022\/05\/nggallery_import\/Dominyko-150x150.jpg",150,150,true],"medium":["https:\/\/www.sauletekio.vilniausr.lm.lt\/wp-content\/uploads\/2022\/05\/nggallery_import\/Dominyko-224x300.jpg",224,300,true],"medium_large":["https:\/\/www.sauletekio.vilniausr.lm.lt\/wp-content\/uploads\/2022\/05\/nggallery_import\/Dominyko.jpg",573,768,false],"large":["https:\/\/www.sauletekio.vilniausr.lm.lt\/wp-content\/uploads\/2022\/05\/nggallery_import\/Dominyko.jpg",573,768,false],"1536x1536":["https:\/\/www.sauletekio.vilniausr.lm.lt\/wp-content\/uploads\/2022\/05\/nggallery_import\/Dominyko.jpg",573,768,false],"2048x2048":["https:\/\/www.sauletekio.vilniausr.lm.lt\/wp-content\/uploads\/2022\/05\/nggallery_import\/Dominyko.jpg",573,768,false],"post-thumbnail":["https:\/\/www.sauletekio.vilniausr.lm.lt\/wp-content\/uploads\/2022\/05\/nggallery_import\/Dominyko-112x150.jpg",112,150,true],"header":["https:\/\/www.sauletekio.vilniausr.lm.lt\/wp-content\/uploads\/2022\/05\/nggallery_import\/Dominyko-573x180.jpg",573,180,true],"slider":["https:\/\/www.sauletekio.vilniausr.lm.lt\/wp-content\/uploads\/2022\/05\/nggallery_import\/Dominyko-573x580.jpg",573,580,true],"columns":["https:\/\/www.sauletekio.vilniausr.lm.lt\/wp-content\/uploads\/2022\/05\/nggallery_import\/Dominyko-400x311.jpg",400,311,true],"custom":["https:\/\/www.sauletekio.vilniausr.lm.lt\/wp-content\/uploads\/2022\/05\/nggallery_import\/Dominyko-350x280.jpg",350,280,true]},"uagb_author_info":{"display_name":"admin","author_link":"https:\/\/www.sauletekio.vilniausr.lm.lt\/?author=1"},"uagb_comment_info":0,"uagb_excerpt":"\u0160iais metais m\u016bs\u0173 mokyklos 1\u20134 klasi\u0173 mokiniai dalyvavo respublikin\u0117je pradini\u0173 klasi\u0173 mokini\u0173 pie\u0161ini\u0173 parodoje \u2013 konkurse \u201eVelykinis margutis\u201c. Parodos-konkurso tikslas \u2013 skatinti mokinius dom\u0117tis lietuvi\u0173 liaudies tradicijomis ir ugdytis pagarb\u0105 etninei kult\u016brai. Konkurso metu buvo atrinkta 12 geriausi\u0173 darb\u0173, tarp kuri\u0173 pateko ir m\u016bs\u0173 mokyklos mokini\u0173 pie\u0161iniai. Nuo\u0161ird\u017eiai sveikiname visus... T\u0119sti skaitym\u0105","coauthors":[],"tax_additional":{"categories":{"linked":["<a href=\"https:\/\/www.sauletekio.vilniausr.lm.lt\/?cat=11\" class=\"advgb-post-tax-term\">Renginiai<\/a>"],"unlinked":["<span class=\"advgb-post-tax-term\">Renginiai<\/span>"]}},"comment_count":"0","relative_dates":{"created":"Posted 4 metai ago","modified":"Updated 4 metai ago"},"absolute_dates":{"created":"Posted on 2022-05-06","modified":"Updated on 2022-05-06"},"absolute_dates_time":{"created":"Posted on 2022-05-06 9:19","modified":"Updated on 2022-05-06 9:19"},"featured_img_caption":"","series_order":"","_links":{"self":[{"href":"https:\/\/www.sauletekio.vilniausr.lm.lt\/index.php?rest_route=\/wp\/v2\/posts\/13711","targetHints":{"allow":["GET"]}}],"collection":[{"href":"https:\/\/www.sauletekio.vilniausr.lm.lt\/index.php?rest_route=\/wp\/v2\/posts"}],"about":[{"href":"https:\/\/www.sauletekio.vilniausr.lm.lt\/index.php?rest_route=\/wp\/v2\/types\/post"}],"author":[{"embeddable":true,"href":"https:\/\/www.sauletekio.vilniausr.lm.lt\/index.php?rest_route=\/wp\/v2\/users\/1"}],"replies":[{"embeddable":true,"href":"https:\/\/www.sauletekio.vilniausr.lm.lt\/index.php?rest_route=%2Fwp%2Fv2%2Fcomments&post=13711"}],"version-history":[{"count":1,"href":"https:\/\/www.sauletekio.vilniausr.lm.lt\/index.php?rest_route=\/wp\/v2\/posts\/13711\/revisions"}],"predecessor-version":[{"id":13712,"href":"https:\/\/www.sauletekio.vilniausr.lm.lt\/index.php?rest_route=\/wp\/v2\/posts\/13711\/revisions\/13712"}],"wp:featuredmedia":[{"embeddable":true,"href":"https:\/\/www.sauletekio.vilniausr.lm.lt\/index.php?rest_route=\/wp\/v2\/media\/13713"}],"wp:attachment":[{"href":"https:\/\/www.sauletekio.vilniausr.lm.lt\/index.php?rest_route=%2Fwp%2Fv2%2Fmedia&parent=13711"}],"wp:term":[{"taxonomy":"category","embeddable":true,"href":"https:\/\/www.sauletekio.vilniausr.lm.lt\/index.php?rest_route=%2Fwp%2Fv2%2Fcategories&post=13711"},{"taxonomy":"post_tag","embeddable":true,"href":"https:\/\/www.sauletekio.vilniausr.lm.lt\/index.php?rest_route=%2Fwp%2Fv2%2Ftags&post=13711"}],"curies":[{"name":"wp","href":"https:\/\/api.w.org\/{rel}","templated":true}]}}