{"id":13742,"date":"2022-05-10T16:46:19","date_gmt":"2022-05-10T14:46:19","guid":{"rendered":"https:\/\/www.sauletekio.vilniausr.lm.lt\/?p=13742"},"modified":"2022-05-10T16:46:19","modified_gmt":"2022-05-10T14:46:19","slug":"begimo-varzybos-nemencines-miesto-gatvemis","status":"publish","type":"post","link":"https:\/\/www.sauletekio.vilniausr.lm.lt\/?p=13742","title":{"rendered":"B\u0117gimo var\u017eybos Nemen\u010din\u0117s miesto gatv\u0117mis"},"content":{"rendered":"<div class=\"fcbkbttn_buttons_block\" id=\"fcbkbttn_left\"><div class=\"fcbkbttn_like \"><fb:like href=\"https:\/\/www.sauletekio.vilniausr.lm.lt\/?p=13742\" action=\"like\" colorscheme=\"light\" layout=\"button_count\"  size=\"small\"><\/fb:like><\/div><div class=\"fb-share-button  \" data-href=\"https:\/\/www.sauletekio.vilniausr.lm.lt\/?p=13742\" data-type=\"button_count\" data-size=\"small\"><\/div><\/div>\n<p>2022-05-03 Nemen\u010din\u0117je buvo organizuotos XVI b\u0117gimo var\u017eybos Nemen\u010din\u0117s miesto gatv\u0117mis, skirtos Gegu\u017e\u0117s 3 d. Konstitucijos dienai pamin\u0117ti. Var\u017eybose dalyvavo ir m\u016bs\u0173 mokyklos mokiniai.<\/p>\n\n\n\n<p>Individualiose kroso var\u017eybose sportininkai var\u017e\u0117si 500, 1 000, 1 500 ir 1 791 m distancijose.<\/p>\n\n\n\n<p>Visi fini\u0161av\u0119 dalyviai gavo proginius medalius u\u017e dalyvavim\u0105. Sveikiname m\u016bs\u0173 mokyklos 7 klas\u0117s mokin\u012f Evald\u0105 \u0160varc i\u0161kovojus garbing\u0105 III-\u0105j\u0105 viet\u0105!<\/p>\n\n\n\nngg_shortcode_0_placeholder\n","protected":false},"excerpt":{"rendered":"<p>2022-05-03 Nemen\u010din\u0117je buvo organizuotos XVI b\u0117gimo var\u017eybos Nemen\u010din\u0117s miesto gatv\u0117mis, skirtos Gegu\u017e\u0117s 3 d. Konstitucijos dienai pamin\u0117ti. Var\u017eybose dalyvavo ir m\u016bs\u0173 mokyklos mokiniai. Individualiose kroso var\u017eybose sportininkai var\u017e\u0117si 500, 1 000, 1 500 ir 1 791 m distancijose. Visi fini\u0161av\u0119 dalyviai gavo proginius medalius u\u017e dalyvavim\u0105. Sveikiname m\u016bs\u0173 mokyklos 7&#8230;<\/p>\n<p> <a class=\"continue-reading-link\" href=\"https:\/\/www.sauletekio.vilniausr.lm.lt\/?p=13742\"><span>T\u0119sti skaitym\u0105<\/span><i class=\"crycon-right-dir\"><\/i><\/a> <\/p>\n","protected":false},"author":1,"featured_media":13744,"comment_status":"closed","ping_status":"closed","sticky":false,"template":"","format":"standard","meta":{"_uag_custom_page_level_css":"","advgb_blocks_editor_width":"","advgb_blocks_columns_visual_guide":"","ngg_post_thumbnail":4234,"footnotes":""},"categories":[1],"tags":[],"class_list":["post-13742","post","type-post","status-publish","format-standard","has-post-thumbnail","hentry","category-ugdymas"],"author_meta":{"display_name":"admin","author_link":"https:\/\/www.sauletekio.vilniausr.lm.lt\/?author=1"},"featured_img":"https:\/\/www.sauletekio.vilniausr.lm.lt\/wp-content\/uploads\/2022\/05\/nggallery_import\/16-300x225.jpg","uagb_featured_image_src":{"full":["https:\/\/www.sauletekio.vilniausr.lm.lt\/wp-content\/uploads\/2022\/05\/nggallery_import\/16.jpg",820,615,false],"thumbnail":["https:\/\/www.sauletekio.vilniausr.lm.lt\/wp-content\/uploads\/2022\/05\/nggallery_import\/16-150x150.jpg",150,150,true],"medium":["https:\/\/www.sauletekio.vilniausr.lm.lt\/wp-content\/uploads\/2022\/05\/nggallery_import\/16-300x225.jpg",300,225,true],"medium_large":["https:\/\/www.sauletekio.vilniausr.lm.lt\/wp-content\/uploads\/2022\/05\/nggallery_import\/16-768x576.jpg",768,576,true],"large":["https:\/\/www.sauletekio.vilniausr.lm.lt\/wp-content\/uploads\/2022\/05\/nggallery_import\/16.jpg",800,600,false],"1536x1536":["https:\/\/www.sauletekio.vilniausr.lm.lt\/wp-content\/uploads\/2022\/05\/nggallery_import\/16.jpg",820,615,false],"2048x2048":["https:\/\/www.sauletekio.vilniausr.lm.lt\/wp-content\/uploads\/2022\/05\/nggallery_import\/16.jpg",820,615,false],"post-thumbnail":["https:\/\/www.sauletekio.vilniausr.lm.lt\/wp-content\/uploads\/2022\/05\/nggallery_import\/16-150x113.jpg",150,113,true],"header":["https:\/\/www.sauletekio.vilniausr.lm.lt\/wp-content\/uploads\/2022\/05\/nggallery_import\/16-820x180.jpg",820,180,true],"slider":["https:\/\/www.sauletekio.vilniausr.lm.lt\/wp-content\/uploads\/2022\/05\/nggallery_import\/16-820x580.jpg",820,580,true],"columns":["https:\/\/www.sauletekio.vilniausr.lm.lt\/wp-content\/uploads\/2022\/05\/nggallery_import\/16-400x311.jpg",400,311,true],"custom":["https:\/\/www.sauletekio.vilniausr.lm.lt\/wp-content\/uploads\/2022\/05\/nggallery_import\/16-350x280.jpg",350,280,true]},"uagb_author_info":{"display_name":"admin","author_link":"https:\/\/www.sauletekio.vilniausr.lm.lt\/?author=1"},"uagb_comment_info":0,"uagb_excerpt":"2022-05-03 Nemen\u010din\u0117je buvo organizuotos XVI b\u0117gimo var\u017eybos Nemen\u010din\u0117s miesto gatv\u0117mis, skirtos Gegu\u017e\u0117s 3 d. Konstitucijos dienai pamin\u0117ti. Var\u017eybose dalyvavo ir m\u016bs\u0173 mokyklos mokiniai. Individualiose kroso var\u017eybose sportininkai var\u017e\u0117si 500, 1 000, 1 500 ir 1 791 m distancijose. Visi fini\u0161av\u0119 dalyviai gavo proginius medalius u\u017e dalyvavim\u0105. Sveikiname m\u016bs\u0173 mokyklos 7... T\u0119sti skaitym\u0105","coauthors":[],"tax_additional":{"categories":{"linked":["<a href=\"https:\/\/www.sauletekio.vilniausr.lm.lt\/?cat=1\" class=\"advgb-post-tax-term\">Ugdymas<\/a>"],"unlinked":["<span class=\"advgb-post-tax-term\">Ugdymas<\/span>"]}},"comment_count":"0","relative_dates":{"created":"Posted 4 metai ago","modified":"Updated 4 metai ago"},"absolute_dates":{"created":"Posted on 2022-05-10","modified":"Updated on 2022-05-10"},"absolute_dates_time":{"created":"Posted on 2022-05-10 16:46","modified":"Updated on 2022-05-10 16:46"},"featured_img_caption":"","series_order":"","_links":{"self":[{"href":"https:\/\/www.sauletekio.vilniausr.lm.lt\/index.php?rest_route=\/wp\/v2\/posts\/13742","targetHints":{"allow":["GET"]}}],"collection":[{"href":"https:\/\/www.sauletekio.vilniausr.lm.lt\/index.php?rest_route=\/wp\/v2\/posts"}],"about":[{"href":"https:\/\/www.sauletekio.vilniausr.lm.lt\/index.php?rest_route=\/wp\/v2\/types\/post"}],"author":[{"embeddable":true,"href":"https:\/\/www.sauletekio.vilniausr.lm.lt\/index.php?rest_route=\/wp\/v2\/users\/1"}],"replies":[{"embeddable":true,"href":"https:\/\/www.sauletekio.vilniausr.lm.lt\/index.php?rest_route=%2Fwp%2Fv2%2Fcomments&post=13742"}],"version-history":[{"count":1,"href":"https:\/\/www.sauletekio.vilniausr.lm.lt\/index.php?rest_route=\/wp\/v2\/posts\/13742\/revisions"}],"predecessor-version":[{"id":13743,"href":"https:\/\/www.sauletekio.vilniausr.lm.lt\/index.php?rest_route=\/wp\/v2\/posts\/13742\/revisions\/13743"}],"wp:featuredmedia":[{"embeddable":true,"href":"https:\/\/www.sauletekio.vilniausr.lm.lt\/index.php?rest_route=\/wp\/v2\/media\/13744"}],"wp:attachment":[{"href":"https:\/\/www.sauletekio.vilniausr.lm.lt\/index.php?rest_route=%2Fwp%2Fv2%2Fmedia&parent=13742"}],"wp:term":[{"taxonomy":"category","embeddable":true,"href":"https:\/\/www.sauletekio.vilniausr.lm.lt\/index.php?rest_route=%2Fwp%2Fv2%2Fcategories&post=13742"},{"taxonomy":"post_tag","embeddable":true,"href":"https:\/\/www.sauletekio.vilniausr.lm.lt\/index.php?rest_route=%2Fwp%2Fv2%2Ftags&post=13742"}],"curies":[{"name":"wp","href":"https:\/\/api.w.org\/{rel}","templated":true}]}}