{"id":14152,"date":"2022-07-08T08:42:24","date_gmt":"2022-07-08T06:42:24","guid":{"rendered":"https:\/\/www.sauletekio.vilniausr.lm.lt\/?p=14152"},"modified":"2022-07-08T08:42:24","modified_gmt":"2022-07-08T06:42:24","slug":"mokiniai-apie-mokykla","status":"publish","type":"post","link":"https:\/\/www.sauletekio.vilniausr.lm.lt\/?p=14152","title":{"rendered":"Mokiniai apie mokykl\u0105"},"content":{"rendered":"<div class=\"fcbkbttn_buttons_block\" id=\"fcbkbttn_left\"><div class=\"fcbkbttn_like \"><fb:like href=\"https:\/\/www.sauletekio.vilniausr.lm.lt\/?p=14152\" action=\"like\" colorscheme=\"light\" layout=\"button_count\"  size=\"small\"><\/fb:like><\/div><div class=\"fb-share-button  \" data-href=\"https:\/\/www.sauletekio.vilniausr.lm.lt\/?p=14152\" data-type=\"button_count\" data-size=\"small\"><\/div><\/div>\n<p><strong>Vasarai \u012fsib\u0117g\u0117jus norisi pasidalinti mokini\u0173 mintimis apie mokykl\u0105! D\u017eiugu, kad m\u016bs\u0173 mokykloje visiems gera<\/strong> \ud83d\ude42<\/p>\n\n\n\n<figure class=\"wp-block-gallery has-nested-images columns-default is-cropped wp-block-gallery-1 is-layout-flex wp-block-gallery-is-layout-flex\">\n<figure class=\"wp-block-image size-full\"><a href=\"https:\/\/www.sauletekio.vilniausr.lm.lt\/wp-content\/uploads\/2022\/07\/Mokiniai-apie-mokykla-2.png\"><img loading=\"lazy\" decoding=\"async\" width=\"943\" height=\"556\" data-id=\"14154\" src=\"https:\/\/www.sauletekio.vilniausr.lm.lt\/wp-content\/uploads\/2022\/07\/Mokiniai-apie-mokykla-2.png\" alt=\"\" class=\"wp-image-14154\" srcset=\"https:\/\/www.sauletekio.vilniausr.lm.lt\/wp-content\/uploads\/2022\/07\/Mokiniai-apie-mokykla-2.png 943w, https:\/\/www.sauletekio.vilniausr.lm.lt\/wp-content\/uploads\/2022\/07\/Mokiniai-apie-mokykla-2-300x177.png 300w, https:\/\/www.sauletekio.vilniausr.lm.lt\/wp-content\/uploads\/2022\/07\/Mokiniai-apie-mokykla-2-768x453.png 768w, https:\/\/www.sauletekio.vilniausr.lm.lt\/wp-content\/uploads\/2022\/07\/Mokiniai-apie-mokykla-2-150x88.png 150w\" sizes=\"auto, (max-width: 943px) 100vw, 943px\" \/><\/a><\/figure>\n<\/figure>\n","protected":false},"excerpt":{"rendered":"<p>Vasarai \u012fsib\u0117g\u0117jus norisi pasidalinti mokini\u0173 mintimis apie mokykl\u0105! D\u017eiugu, kad m\u016bs\u0173 mokykloje visiems gera \ud83d\ude42<\/p>\n<p> <a class=\"continue-reading-link\" href=\"https:\/\/www.sauletekio.vilniausr.lm.lt\/?p=14152\"><span>T\u0119sti skaitym\u0105<\/span><i class=\"crycon-right-dir\"><\/i><\/a> <\/p>\n","protected":false},"author":1,"featured_media":0,"comment_status":"closed","ping_status":"closed","sticky":false,"template":"","format":"standard","meta":{"_uag_custom_page_level_css":"","advgb_blocks_editor_width":"","advgb_blocks_columns_visual_guide":"","ngg_post_thumbnail":0,"footnotes":""},"categories":[1],"tags":[],"class_list":["post-14152","post","type-post","status-publish","format-standard","hentry","category-ugdymas"],"author_meta":{"display_name":"admin","author_link":"https:\/\/www.sauletekio.vilniausr.lm.lt\/?author=1"},"featured_img":null,"uagb_featured_image_src":{"full":false,"thumbnail":false,"medium":false,"medium_large":false,"large":false,"1536x1536":false,"2048x2048":false,"post-thumbnail":false,"header":false,"slider":false,"columns":false,"custom":false},"uagb_author_info":{"display_name":"admin","author_link":"https:\/\/www.sauletekio.vilniausr.lm.lt\/?author=1"},"uagb_comment_info":0,"uagb_excerpt":"Vasarai \u012fsib\u0117g\u0117jus norisi pasidalinti mokini\u0173 mintimis apie mokykl\u0105! D\u017eiugu, kad m\u016bs\u0173 mokykloje visiems gera \ud83d\ude42 T\u0119sti skaitym\u0105","coauthors":[],"tax_additional":{"categories":{"linked":["<a href=\"https:\/\/www.sauletekio.vilniausr.lm.lt\/?cat=1\" class=\"advgb-post-tax-term\">Ugdymas<\/a>"],"unlinked":["<span class=\"advgb-post-tax-term\">Ugdymas<\/span>"]}},"comment_count":"0","relative_dates":{"created":"Posted 4 metai ago","modified":"Updated 4 metai ago"},"absolute_dates":{"created":"Posted on 2022-07-08","modified":"Updated on 2022-07-08"},"absolute_dates_time":{"created":"Posted on 2022-07-08 8:42","modified":"Updated on 2022-07-08 8:42"},"featured_img_caption":"","series_order":"","_links":{"self":[{"href":"https:\/\/www.sauletekio.vilniausr.lm.lt\/index.php?rest_route=\/wp\/v2\/posts\/14152","targetHints":{"allow":["GET"]}}],"collection":[{"href":"https:\/\/www.sauletekio.vilniausr.lm.lt\/index.php?rest_route=\/wp\/v2\/posts"}],"about":[{"href":"https:\/\/www.sauletekio.vilniausr.lm.lt\/index.php?rest_route=\/wp\/v2\/types\/post"}],"author":[{"embeddable":true,"href":"https:\/\/www.sauletekio.vilniausr.lm.lt\/index.php?rest_route=\/wp\/v2\/users\/1"}],"replies":[{"embeddable":true,"href":"https:\/\/www.sauletekio.vilniausr.lm.lt\/index.php?rest_route=%2Fwp%2Fv2%2Fcomments&post=14152"}],"version-history":[{"count":6,"href":"https:\/\/www.sauletekio.vilniausr.lm.lt\/index.php?rest_route=\/wp\/v2\/posts\/14152\/revisions"}],"predecessor-version":[{"id":14159,"href":"https:\/\/www.sauletekio.vilniausr.lm.lt\/index.php?rest_route=\/wp\/v2\/posts\/14152\/revisions\/14159"}],"wp:attachment":[{"href":"https:\/\/www.sauletekio.vilniausr.lm.lt\/index.php?rest_route=%2Fwp%2Fv2%2Fmedia&parent=14152"}],"wp:term":[{"taxonomy":"category","embeddable":true,"href":"https:\/\/www.sauletekio.vilniausr.lm.lt\/index.php?rest_route=%2Fwp%2Fv2%2Fcategories&post=14152"},{"taxonomy":"post_tag","embeddable":true,"href":"https:\/\/www.sauletekio.vilniausr.lm.lt\/index.php?rest_route=%2Fwp%2Fv2%2Ftags&post=14152"}],"curies":[{"name":"wp","href":"https:\/\/api.w.org\/{rel}","templated":true}]}}