{"id":21745,"date":"2025-10-29T16:02:46","date_gmt":"2025-10-29T13:02:46","guid":{"rendered":"https:\/\/www.sauletekio.vilniausr.lm.lt\/?p=21745"},"modified":"2025-10-29T16:02:46","modified_gmt":"2025-10-29T13:02:46","slug":"kapu-tvarkymas-pries-velines-pagarba-ir-tradiciju-puoselejimas","status":"publish","type":"post","link":"https:\/\/www.sauletekio.vilniausr.lm.lt\/?p=21745","title":{"rendered":"KAP\u0172 TVARKYMAS PRIE\u0160 V\u0116LINES: PAGARBA IR TRADICIJ\u0172 PUOSEL\u0116JIMAS"},"content":{"rendered":"<div class=\"fcbkbttn_buttons_block\" id=\"fcbkbttn_left\"><div class=\"fcbkbttn_like \"><fb:like href=\"https:\/\/www.sauletekio.vilniausr.lm.lt\/?p=21745\" action=\"like\" colorscheme=\"light\" layout=\"button_count\"  size=\"small\"><\/fb:like><\/div><div class=\"fb-share-button  \" data-href=\"https:\/\/www.sauletekio.vilniausr.lm.lt\/?p=21745\" data-type=\"button_count\" data-size=\"small\"><\/div><\/div>\n<p>Spalio 27 d. m\u016bs\u0173 mokyklos 9 klas\u0117s mokiniai dalyvavo pilietin\u0117je akcijoje Ras\u0173 kapin\u0117se. I\u0161vykos tikslas buvo sutvarkyti kapus, pagerbti juose palaidotus \u017emones ir prisid\u0117ti prie kult\u016bros paveldo saugojimo. Mokiniai gr\u0117b\u0117 lapus, rinko \u0161iuk\u0161les ir atsargiai val\u0117 paminklus.&nbsp;<\/p>\n\n\n\n<p>\u0160i veikla suteik\u0117 galimyb\u0119 geriau pa\u017einti vietos istorij\u0105 ir suprasti, koki\u0105 reik\u0161m\u0119 turi atminimo i\u0161saugojimas. Mokiniai d\u017eiaug\u0117si gal\u0117dami pad\u0117ti ir patyr\u0117, kaip svarbu r\u016bpintis tais, kurie jau i\u0161keliavo. Tokios iniciatyvos ugdo pilieti\u0161kum\u0105, vienija mokinius ir skatina t\u0119sti pagarbos tradicijas ateityje.<\/p>\n\n\n\nngg_shortcode_0_placeholder\n","protected":false},"excerpt":{"rendered":"<p>Spalio 27 d. m\u016bs\u0173 mokyklos 9 klas\u0117s mokiniai dalyvavo pilietin\u0117je akcijoje Ras\u0173 kapin\u0117se. I\u0161vykos tikslas buvo sutvarkyti kapus, pagerbti juose palaidotus \u017emones ir prisid\u0117ti prie kult\u016bros paveldo saugojimo. Mokiniai gr\u0117b\u0117 lapus, rinko \u0161iuk\u0161les ir atsargiai val\u0117 paminklus.&nbsp; \u0160i veikla suteik\u0117 galimyb\u0119 geriau pa\u017einti vietos istorij\u0105 ir suprasti, koki\u0105 reik\u0161m\u0119 turi&#8230;<\/p>\n<p> <a class=\"continue-reading-link\" href=\"https:\/\/www.sauletekio.vilniausr.lm.lt\/?p=21745\"><span>T\u0119sti skaitym\u0105<\/span><i class=\"crycon-right-dir\"><\/i><\/a> <\/p>\n","protected":false},"author":1,"featured_media":21746,"comment_status":"closed","ping_status":"closed","sticky":false,"template":"","format":"standard","meta":{"_uag_custom_page_level_css":"","advgb_blocks_editor_width":"","advgb_blocks_columns_visual_guide":"","ngg_post_thumbnail":8825,"footnotes":""},"categories":[1],"tags":[],"class_list":["post-21745","post","type-post","status-publish","format-standard","has-post-thumbnail","hentry","category-ugdymas"],"author_meta":{"display_name":"admin","author_link":"https:\/\/www.sauletekio.vilniausr.lm.lt\/?author=1"},"featured_img":"https:\/\/www.sauletekio.vilniausr.lm.lt\/wp-content\/uploads\/2025\/10\/nggallery_import\/gy3qSlNa-225x300.jpg","uagb_featured_image_src":{"full":["https:\/\/www.sauletekio.vilniausr.lm.lt\/wp-content\/uploads\/2025\/10\/nggallery_import\/gy3qSlNa.jpg",576,768,false],"thumbnail":["https:\/\/www.sauletekio.vilniausr.lm.lt\/wp-content\/uploads\/2025\/10\/nggallery_import\/gy3qSlNa-150x150.jpg",150,150,true],"medium":["https:\/\/www.sauletekio.vilniausr.lm.lt\/wp-content\/uploads\/2025\/10\/nggallery_import\/gy3qSlNa-225x300.jpg",225,300,true],"medium_large":["https:\/\/www.sauletekio.vilniausr.lm.lt\/wp-content\/uploads\/2025\/10\/nggallery_import\/gy3qSlNa.jpg",576,768,false],"large":["https:\/\/www.sauletekio.vilniausr.lm.lt\/wp-content\/uploads\/2025\/10\/nggallery_import\/gy3qSlNa.jpg",576,768,false],"1536x1536":["https:\/\/www.sauletekio.vilniausr.lm.lt\/wp-content\/uploads\/2025\/10\/nggallery_import\/gy3qSlNa.jpg",576,768,false],"2048x2048":["https:\/\/www.sauletekio.vilniausr.lm.lt\/wp-content\/uploads\/2025\/10\/nggallery_import\/gy3qSlNa.jpg",576,768,false],"post-thumbnail":["https:\/\/www.sauletekio.vilniausr.lm.lt\/wp-content\/uploads\/2025\/10\/nggallery_import\/gy3qSlNa-113x150.jpg",113,150,true],"header":["https:\/\/www.sauletekio.vilniausr.lm.lt\/wp-content\/uploads\/2025\/10\/nggallery_import\/gy3qSlNa-576x180.jpg",576,180,true],"slider":["https:\/\/www.sauletekio.vilniausr.lm.lt\/wp-content\/uploads\/2025\/10\/nggallery_import\/gy3qSlNa-576x580.jpg",576,580,true],"columns":["https:\/\/www.sauletekio.vilniausr.lm.lt\/wp-content\/uploads\/2025\/10\/nggallery_import\/gy3qSlNa-400x311.jpg",400,311,true],"custom":["https:\/\/www.sauletekio.vilniausr.lm.lt\/wp-content\/uploads\/2025\/10\/nggallery_import\/gy3qSlNa-350x280.jpg",350,280,true]},"uagb_author_info":{"display_name":"admin","author_link":"https:\/\/www.sauletekio.vilniausr.lm.lt\/?author=1"},"uagb_comment_info":0,"uagb_excerpt":"Spalio 27 d. m\u016bs\u0173 mokyklos 9 klas\u0117s mokiniai dalyvavo pilietin\u0117je akcijoje Ras\u0173 kapin\u0117se. I\u0161vykos tikslas buvo sutvarkyti kapus, pagerbti juose palaidotus \u017emones ir prisid\u0117ti prie kult\u016bros paveldo saugojimo. Mokiniai gr\u0117b\u0117 lapus, rinko \u0161iuk\u0161les ir atsargiai val\u0117 paminklus.&nbsp; \u0160i veikla suteik\u0117 galimyb\u0119 geriau pa\u017einti vietos istorij\u0105 ir suprasti, koki\u0105 reik\u0161m\u0119 turi... T\u0119sti skaitym\u0105","coauthors":[],"tax_additional":{"categories":{"linked":["<a href=\"https:\/\/www.sauletekio.vilniausr.lm.lt\/?cat=1\" class=\"advgb-post-tax-term\">Ugdymas<\/a>"],"unlinked":["<span class=\"advgb-post-tax-term\">Ugdymas<\/span>"]}},"comment_count":"0","relative_dates":{"created":"Posted 6 m\u0117nesiai ago","modified":"Updated 6 m\u0117nesiai ago"},"absolute_dates":{"created":"Posted on 2025-10-29","modified":"Updated on 2025-10-29"},"absolute_dates_time":{"created":"Posted on 2025-10-29 16:02","modified":"Updated on 2025-10-29 16:02"},"featured_img_caption":"","series_order":"","_links":{"self":[{"href":"https:\/\/www.sauletekio.vilniausr.lm.lt\/index.php?rest_route=\/wp\/v2\/posts\/21745","targetHints":{"allow":["GET"]}}],"collection":[{"href":"https:\/\/www.sauletekio.vilniausr.lm.lt\/index.php?rest_route=\/wp\/v2\/posts"}],"about":[{"href":"https:\/\/www.sauletekio.vilniausr.lm.lt\/index.php?rest_route=\/wp\/v2\/types\/post"}],"author":[{"embeddable":true,"href":"https:\/\/www.sauletekio.vilniausr.lm.lt\/index.php?rest_route=\/wp\/v2\/users\/1"}],"replies":[{"embeddable":true,"href":"https:\/\/www.sauletekio.vilniausr.lm.lt\/index.php?rest_route=%2Fwp%2Fv2%2Fcomments&post=21745"}],"version-history":[{"count":1,"href":"https:\/\/www.sauletekio.vilniausr.lm.lt\/index.php?rest_route=\/wp\/v2\/posts\/21745\/revisions"}],"predecessor-version":[{"id":21747,"href":"https:\/\/www.sauletekio.vilniausr.lm.lt\/index.php?rest_route=\/wp\/v2\/posts\/21745\/revisions\/21747"}],"wp:featuredmedia":[{"embeddable":true,"href":"https:\/\/www.sauletekio.vilniausr.lm.lt\/index.php?rest_route=\/wp\/v2\/media\/21746"}],"wp:attachment":[{"href":"https:\/\/www.sauletekio.vilniausr.lm.lt\/index.php?rest_route=%2Fwp%2Fv2%2Fmedia&parent=21745"}],"wp:term":[{"taxonomy":"category","embeddable":true,"href":"https:\/\/www.sauletekio.vilniausr.lm.lt\/index.php?rest_route=%2Fwp%2Fv2%2Fcategories&post=21745"},{"taxonomy":"post_tag","embeddable":true,"href":"https:\/\/www.sauletekio.vilniausr.lm.lt\/index.php?rest_route=%2Fwp%2Fv2%2Ftags&post=21745"}],"curies":[{"name":"wp","href":"https:\/\/api.w.org\/{rel}","templated":true}]}}