{"id":21769,"date":"2025-11-10T13:34:55","date_gmt":"2025-11-10T10:34:55","guid":{"rendered":"https:\/\/www.sauletekio.vilniausr.lm.lt\/?p=21769"},"modified":"2025-11-10T13:35:17","modified_gmt":"2025-11-10T10:35:17","slug":"mokytojai-mokosi-3","status":"publish","type":"post","link":"https:\/\/www.sauletekio.vilniausr.lm.lt\/?p=21769","title":{"rendered":"MOKYTOJAI MOKOSI"},"content":{"rendered":"<div class=\"fcbkbttn_buttons_block\" id=\"fcbkbttn_left\"><div class=\"fcbkbttn_like \"><fb:like href=\"https:\/\/www.sauletekio.vilniausr.lm.lt\/?p=21769\" action=\"like\" colorscheme=\"light\" layout=\"button_count\"  size=\"small\"><\/fb:like><\/div><div class=\"fb-share-button  \" data-href=\"https:\/\/www.sauletekio.vilniausr.lm.lt\/?p=21769\" data-type=\"button_count\" data-size=\"small\"><\/div><\/div>\n<p>&nbsp;&nbsp;&nbsp;&nbsp;&nbsp;&nbsp;&nbsp;&nbsp;&nbsp;&nbsp;&nbsp; Mokini\u0173 atostog\u0173 metu mokytojai k\u0117l\u0117si savo kvalifikacij\u0105. Pirmadien\u012f dalyvavo praktiniame seminare ,,Pasirengimo pilietiniam pasiprie\u0161inimui pagrindai\u201c, kur\u012f ved\u0117 Mobilizacijos ir pilietinio pasiprie\u0161inimo departamento instruktorius. Mokytojai prakti\u0161kai i\u0161band\u0117, kaip u\u017esid\u0117ti turniket\u0105, su\u017einojo, kas turi b\u016bti i\u0161gyvenimo kuprin\u0117je, kaip gelb\u0117ti \u017emog\u0173, atskirti prie\u0161ininko ginklus, k\u0105 daryti ekstremalios situacijos metu ir aptar\u0117 dar daug \u012fvairi\u0173 tem\u0173.<\/p>\n\n\n\n<p>&nbsp;&nbsp;&nbsp;&nbsp;&nbsp;&nbsp;&nbsp;&nbsp;&nbsp;&nbsp;&nbsp; Antradien\u012f \u012f mokykl\u0105 atvyko psicholog\u0117 Milda Kiel\u0117, kuri ved\u0117 seminar\u0105 ,,Kaip br\u0117\u017eti ribas ir koreguoti netinkam\u0105 elges\u012f?\u201c. Mokym\u0173 metu mokytojai daug diskutavo apie santykius su paaugliais, kylan\u010dias problemas ir j\u0173 sprendimo b\u016bdus.<\/p>\n\n\n\n<p>&nbsp;&nbsp;&nbsp;&nbsp;&nbsp;&nbsp;&nbsp;&nbsp;&nbsp;&nbsp;&nbsp; Po mokym\u0173 mokytojai jau\u010diasi saugiau \u0161iandieniniame pasaulyje ir stipresni bendravimo su paaugliais srityje.<\/p>\n\n\n\nngg_shortcode_0_placeholder\n","protected":false},"excerpt":{"rendered":"<p>&nbsp;&nbsp;&nbsp;&nbsp;&nbsp;&nbsp;&nbsp;&nbsp;&nbsp;&nbsp;&nbsp; Mokini\u0173 atostog\u0173 metu mokytojai k\u0117l\u0117si savo kvalifikacij\u0105. Pirmadien\u012f dalyvavo praktiniame seminare ,,Pasirengimo pilietiniam pasiprie\u0161inimui pagrindai\u201c, kur\u012f ved\u0117 Mobilizacijos ir pilietinio pasiprie\u0161inimo departamento instruktorius. Mokytojai prakti\u0161kai i\u0161band\u0117, kaip u\u017esid\u0117ti turniket\u0105, su\u017einojo, kas turi b\u016bti i\u0161gyvenimo kuprin\u0117je, kaip gelb\u0117ti \u017emog\u0173, atskirti prie\u0161ininko ginklus, k\u0105 daryti ekstremalios situacijos metu ir aptar\u0117 dar&#8230;<\/p>\n<p> <a class=\"continue-reading-link\" href=\"https:\/\/www.sauletekio.vilniausr.lm.lt\/?p=21769\"><span>T\u0119sti skaitym\u0105<\/span><i class=\"crycon-right-dir\"><\/i><\/a> <\/p>\n","protected":false},"author":1,"featured_media":21770,"comment_status":"closed","ping_status":"closed","sticky":false,"template":"","format":"standard","meta":{"_uag_custom_page_level_css":"","advgb_blocks_editor_width":"","advgb_blocks_columns_visual_guide":"","ngg_post_thumbnail":8838,"footnotes":""},"categories":[1],"tags":[],"class_list":["post-21769","post","type-post","status-publish","format-standard","has-post-thumbnail","hentry","category-ugdymas"],"author_meta":{"display_name":"admin","author_link":"https:\/\/www.sauletekio.vilniausr.lm.lt\/?author=1"},"featured_img":"https:\/\/www.sauletekio.vilniausr.lm.lt\/wp-content\/uploads\/2025\/11\/nggallery_import\/01-225x300.jpg","uagb_featured_image_src":{"full":["https:\/\/www.sauletekio.vilniausr.lm.lt\/wp-content\/uploads\/2025\/11\/nggallery_import\/01.jpg",576,768,false],"thumbnail":["https:\/\/www.sauletekio.vilniausr.lm.lt\/wp-content\/uploads\/2025\/11\/nggallery_import\/01-150x150.jpg",150,150,true],"medium":["https:\/\/www.sauletekio.vilniausr.lm.lt\/wp-content\/uploads\/2025\/11\/nggallery_import\/01-225x300.jpg",225,300,true],"medium_large":["https:\/\/www.sauletekio.vilniausr.lm.lt\/wp-content\/uploads\/2025\/11\/nggallery_import\/01.jpg",576,768,false],"large":["https:\/\/www.sauletekio.vilniausr.lm.lt\/wp-content\/uploads\/2025\/11\/nggallery_import\/01.jpg",576,768,false],"1536x1536":["https:\/\/www.sauletekio.vilniausr.lm.lt\/wp-content\/uploads\/2025\/11\/nggallery_import\/01.jpg",576,768,false],"2048x2048":["https:\/\/www.sauletekio.vilniausr.lm.lt\/wp-content\/uploads\/2025\/11\/nggallery_import\/01.jpg",576,768,false],"post-thumbnail":["https:\/\/www.sauletekio.vilniausr.lm.lt\/wp-content\/uploads\/2025\/11\/nggallery_import\/01-113x150.jpg",113,150,true],"header":["https:\/\/www.sauletekio.vilniausr.lm.lt\/wp-content\/uploads\/2025\/11\/nggallery_import\/01-576x180.jpg",576,180,true],"slider":["https:\/\/www.sauletekio.vilniausr.lm.lt\/wp-content\/uploads\/2025\/11\/nggallery_import\/01-576x580.jpg",576,580,true],"columns":["https:\/\/www.sauletekio.vilniausr.lm.lt\/wp-content\/uploads\/2025\/11\/nggallery_import\/01-400x311.jpg",400,311,true],"custom":["https:\/\/www.sauletekio.vilniausr.lm.lt\/wp-content\/uploads\/2025\/11\/nggallery_import\/01-350x280.jpg",350,280,true]},"uagb_author_info":{"display_name":"admin","author_link":"https:\/\/www.sauletekio.vilniausr.lm.lt\/?author=1"},"uagb_comment_info":0,"uagb_excerpt":"&nbsp;&nbsp;&nbsp;&nbsp;&nbsp;&nbsp;&nbsp;&nbsp;&nbsp;&nbsp;&nbsp; Mokini\u0173 atostog\u0173 metu mokytojai k\u0117l\u0117si savo kvalifikacij\u0105. Pirmadien\u012f dalyvavo praktiniame seminare ,,Pasirengimo pilietiniam pasiprie\u0161inimui pagrindai\u201c, kur\u012f ved\u0117 Mobilizacijos ir pilietinio pasiprie\u0161inimo departamento instruktorius. Mokytojai prakti\u0161kai i\u0161band\u0117, kaip u\u017esid\u0117ti turniket\u0105, su\u017einojo, kas turi b\u016bti i\u0161gyvenimo kuprin\u0117je, kaip gelb\u0117ti \u017emog\u0173, atskirti prie\u0161ininko ginklus, k\u0105 daryti ekstremalios situacijos metu ir aptar\u0117 dar... T\u0119sti skaitym\u0105","coauthors":[],"tax_additional":{"categories":{"linked":["<a href=\"https:\/\/www.sauletekio.vilniausr.lm.lt\/?cat=1\" class=\"advgb-post-tax-term\">Ugdymas<\/a>"],"unlinked":["<span class=\"advgb-post-tax-term\">Ugdymas<\/span>"]}},"comment_count":"0","relative_dates":{"created":"Posted 6 m\u0117nesiai ago","modified":"Updated 6 m\u0117nesiai ago"},"absolute_dates":{"created":"Posted on 2025-11-10","modified":"Updated on 2025-11-10"},"absolute_dates_time":{"created":"Posted on 2025-11-10 13:34","modified":"Updated on 2025-11-10 13:35"},"featured_img_caption":"","series_order":"","_links":{"self":[{"href":"https:\/\/www.sauletekio.vilniausr.lm.lt\/index.php?rest_route=\/wp\/v2\/posts\/21769","targetHints":{"allow":["GET"]}}],"collection":[{"href":"https:\/\/www.sauletekio.vilniausr.lm.lt\/index.php?rest_route=\/wp\/v2\/posts"}],"about":[{"href":"https:\/\/www.sauletekio.vilniausr.lm.lt\/index.php?rest_route=\/wp\/v2\/types\/post"}],"author":[{"embeddable":true,"href":"https:\/\/www.sauletekio.vilniausr.lm.lt\/index.php?rest_route=\/wp\/v2\/users\/1"}],"replies":[{"embeddable":true,"href":"https:\/\/www.sauletekio.vilniausr.lm.lt\/index.php?rest_route=%2Fwp%2Fv2%2Fcomments&post=21769"}],"version-history":[{"count":2,"href":"https:\/\/www.sauletekio.vilniausr.lm.lt\/index.php?rest_route=\/wp\/v2\/posts\/21769\/revisions"}],"predecessor-version":[{"id":21772,"href":"https:\/\/www.sauletekio.vilniausr.lm.lt\/index.php?rest_route=\/wp\/v2\/posts\/21769\/revisions\/21772"}],"wp:featuredmedia":[{"embeddable":true,"href":"https:\/\/www.sauletekio.vilniausr.lm.lt\/index.php?rest_route=\/wp\/v2\/media\/21770"}],"wp:attachment":[{"href":"https:\/\/www.sauletekio.vilniausr.lm.lt\/index.php?rest_route=%2Fwp%2Fv2%2Fmedia&parent=21769"}],"wp:term":[{"taxonomy":"category","embeddable":true,"href":"https:\/\/www.sauletekio.vilniausr.lm.lt\/index.php?rest_route=%2Fwp%2Fv2%2Fcategories&post=21769"},{"taxonomy":"post_tag","embeddable":true,"href":"https:\/\/www.sauletekio.vilniausr.lm.lt\/index.php?rest_route=%2Fwp%2Fv2%2Ftags&post=21769"}],"curies":[{"name":"wp","href":"https:\/\/api.w.org\/{rel}","templated":true}]}}