{"id":21904,"date":"2025-11-18T14:06:33","date_gmt":"2025-11-18T11:06:33","guid":{"rendered":"https:\/\/www.sauletekio.vilniausr.lm.lt\/?p=21904"},"modified":"2025-11-18T14:06:33","modified_gmt":"2025-11-18T11:06:33","slug":"minime-lietuvos-kariuomenes-diena","status":"publish","type":"post","link":"https:\/\/www.sauletekio.vilniausr.lm.lt\/?p=21904","title":{"rendered":"MINIME LIETUVOS KARIUOMEN\u0116S DIEN\u0104"},"content":{"rendered":"<div class=\"fcbkbttn_buttons_block\" id=\"fcbkbttn_left\"><div class=\"fcbkbttn_like \"><fb:like href=\"https:\/\/www.sauletekio.vilniausr.lm.lt\/?p=21904\" action=\"like\" colorscheme=\"light\" layout=\"button_count\"  size=\"small\"><\/fb:like><\/div><div class=\"fb-share-button  \" data-href=\"https:\/\/www.sauletekio.vilniausr.lm.lt\/?p=21904\" data-type=\"button_count\" data-size=\"small\"><\/div><\/div>\n<p>Minint Lietuvos kariuomen\u0117s dien\u0105 m\u016bs\u0173 mokykloje lank\u0117si ypatingi sve\u010diai \u2013 Lietuvos kariuomen\u0117s atstovai. Jie 5\u201310 klasi\u0173 mokiniams papasakojo apie kariuomen\u0117s misij\u0105, vizij\u0105, kario savanorio tarnyb\u0105, civili\u0173 ir kari\u0173 bendradarbiavim\u0105. Mokiniai tur\u0117jo galimyb\u0119 pa\u017ei\u016br\u0117ti trump\u0105 filmuk\u0105 apie kariuomen\u0117s kasdienyb\u0119 ir veiklas.<\/p>\n\n\n\n<p>Po pristatymo lauk\u0117 dar daugiau \u012fdomybi\u0173. Vaikai gal\u0117jo i\u0161 arti pamatyti kariuomen\u0117je naudojamas priemones, kok\u012f maist\u0105 valgo kareiviai, ap\u017ei\u016br\u0117ti dronus. Daugelis su \u012fdomumu pasimatavo kareivi\u0161k\u0105 aprang\u0105. Galiausiai visi susirinko mokyklos kieme, kur tur\u0117jo galimyb\u0119 steb\u0117ti &nbsp;\u012fsp\u016bding\u0105 drono skraidinim\u0105.<\/p>\n\n\n\n<p>Tai buvo \u012fkvepiantis ir nauj\u0173 patir\u010di\u0173 kupinas susitikimas, kuris pad\u0117jo geriau suprasti Lietuvos kariuomen\u0117s svarb\u0105.<\/p>\n\n\n\nngg_shortcode_0_placeholder\n","protected":false},"excerpt":{"rendered":"<p>Minint Lietuvos kariuomen\u0117s dien\u0105 m\u016bs\u0173 mokykloje lank\u0117si ypatingi sve\u010diai \u2013 Lietuvos kariuomen\u0117s atstovai. Jie 5\u201310 klasi\u0173 mokiniams papasakojo apie kariuomen\u0117s misij\u0105, vizij\u0105, kario savanorio tarnyb\u0105, civili\u0173 ir kari\u0173 bendradarbiavim\u0105. Mokiniai tur\u0117jo galimyb\u0119 pa\u017ei\u016br\u0117ti trump\u0105 filmuk\u0105 apie kariuomen\u0117s kasdienyb\u0119 ir veiklas. Po pristatymo lauk\u0117 dar daugiau \u012fdomybi\u0173. Vaikai gal\u0117jo i\u0161 arti&#8230;<\/p>\n<p> <a class=\"continue-reading-link\" href=\"https:\/\/www.sauletekio.vilniausr.lm.lt\/?p=21904\"><span>T\u0119sti skaitym\u0105<\/span><i class=\"crycon-right-dir\"><\/i><\/a> <\/p>\n","protected":false},"author":1,"featured_media":21905,"comment_status":"closed","ping_status":"closed","sticky":false,"template":"","format":"standard","meta":{"_uag_custom_page_level_css":"","advgb_blocks_editor_width":"","advgb_blocks_columns_visual_guide":"","ngg_post_thumbnail":8927,"footnotes":""},"categories":[1],"tags":[],"class_list":["post-21904","post","type-post","status-publish","format-standard","has-post-thumbnail","hentry","category-ugdymas"],"author_meta":{"display_name":"admin","author_link":"https:\/\/www.sauletekio.vilniausr.lm.lt\/?author=1"},"featured_img":"https:\/\/www.sauletekio.vilniausr.lm.lt\/wp-content\/uploads\/2025\/11\/nggallery_import\/1amMeK3AOF-300x225.jpg","uagb_featured_image_src":{"full":["https:\/\/www.sauletekio.vilniausr.lm.lt\/wp-content\/uploads\/2025\/11\/nggallery_import\/1amMeK3AOF.jpg",820,615,false],"thumbnail":["https:\/\/www.sauletekio.vilniausr.lm.lt\/wp-content\/uploads\/2025\/11\/nggallery_import\/1amMeK3AOF-150x150.jpg",150,150,true],"medium":["https:\/\/www.sauletekio.vilniausr.lm.lt\/wp-content\/uploads\/2025\/11\/nggallery_import\/1amMeK3AOF-300x225.jpg",300,225,true],"medium_large":["https:\/\/www.sauletekio.vilniausr.lm.lt\/wp-content\/uploads\/2025\/11\/nggallery_import\/1amMeK3AOF-768x576.jpg",768,576,true],"large":["https:\/\/www.sauletekio.vilniausr.lm.lt\/wp-content\/uploads\/2025\/11\/nggallery_import\/1amMeK3AOF.jpg",800,600,false],"1536x1536":["https:\/\/www.sauletekio.vilniausr.lm.lt\/wp-content\/uploads\/2025\/11\/nggallery_import\/1amMeK3AOF.jpg",820,615,false],"2048x2048":["https:\/\/www.sauletekio.vilniausr.lm.lt\/wp-content\/uploads\/2025\/11\/nggallery_import\/1amMeK3AOF.jpg",820,615,false],"post-thumbnail":["https:\/\/www.sauletekio.vilniausr.lm.lt\/wp-content\/uploads\/2025\/11\/nggallery_import\/1amMeK3AOF-150x113.jpg",150,113,true],"header":["https:\/\/www.sauletekio.vilniausr.lm.lt\/wp-content\/uploads\/2025\/11\/nggallery_import\/1amMeK3AOF-820x180.jpg",820,180,true],"slider":["https:\/\/www.sauletekio.vilniausr.lm.lt\/wp-content\/uploads\/2025\/11\/nggallery_import\/1amMeK3AOF-820x580.jpg",820,580,true],"columns":["https:\/\/www.sauletekio.vilniausr.lm.lt\/wp-content\/uploads\/2025\/11\/nggallery_import\/1amMeK3AOF-400x311.jpg",400,311,true],"custom":["https:\/\/www.sauletekio.vilniausr.lm.lt\/wp-content\/uploads\/2025\/11\/nggallery_import\/1amMeK3AOF-350x280.jpg",350,280,true]},"uagb_author_info":{"display_name":"admin","author_link":"https:\/\/www.sauletekio.vilniausr.lm.lt\/?author=1"},"uagb_comment_info":0,"uagb_excerpt":"Minint Lietuvos kariuomen\u0117s dien\u0105 m\u016bs\u0173 mokykloje lank\u0117si ypatingi sve\u010diai \u2013 Lietuvos kariuomen\u0117s atstovai. Jie 5\u201310 klasi\u0173 mokiniams papasakojo apie kariuomen\u0117s misij\u0105, vizij\u0105, kario savanorio tarnyb\u0105, civili\u0173 ir kari\u0173 bendradarbiavim\u0105. Mokiniai tur\u0117jo galimyb\u0119 pa\u017ei\u016br\u0117ti trump\u0105 filmuk\u0105 apie kariuomen\u0117s kasdienyb\u0119 ir veiklas. Po pristatymo lauk\u0117 dar daugiau \u012fdomybi\u0173. Vaikai gal\u0117jo i\u0161 arti... T\u0119sti skaitym\u0105","coauthors":[],"tax_additional":{"categories":{"linked":["<a href=\"https:\/\/www.sauletekio.vilniausr.lm.lt\/?cat=1\" class=\"advgb-post-tax-term\">Ugdymas<\/a>"],"unlinked":["<span class=\"advgb-post-tax-term\">Ugdymas<\/span>"]}},"comment_count":"0","relative_dates":{"created":"Posted 5 m\u0117nesiai ago","modified":"Updated 5 m\u0117nesiai ago"},"absolute_dates":{"created":"Posted on 2025-11-18","modified":"Updated on 2025-11-18"},"absolute_dates_time":{"created":"Posted on 2025-11-18 14:06","modified":"Updated on 2025-11-18 14:06"},"featured_img_caption":"","series_order":"","_links":{"self":[{"href":"https:\/\/www.sauletekio.vilniausr.lm.lt\/index.php?rest_route=\/wp\/v2\/posts\/21904","targetHints":{"allow":["GET"]}}],"collection":[{"href":"https:\/\/www.sauletekio.vilniausr.lm.lt\/index.php?rest_route=\/wp\/v2\/posts"}],"about":[{"href":"https:\/\/www.sauletekio.vilniausr.lm.lt\/index.php?rest_route=\/wp\/v2\/types\/post"}],"author":[{"embeddable":true,"href":"https:\/\/www.sauletekio.vilniausr.lm.lt\/index.php?rest_route=\/wp\/v2\/users\/1"}],"replies":[{"embeddable":true,"href":"https:\/\/www.sauletekio.vilniausr.lm.lt\/index.php?rest_route=%2Fwp%2Fv2%2Fcomments&post=21904"}],"version-history":[{"count":1,"href":"https:\/\/www.sauletekio.vilniausr.lm.lt\/index.php?rest_route=\/wp\/v2\/posts\/21904\/revisions"}],"predecessor-version":[{"id":21906,"href":"https:\/\/www.sauletekio.vilniausr.lm.lt\/index.php?rest_route=\/wp\/v2\/posts\/21904\/revisions\/21906"}],"wp:featuredmedia":[{"embeddable":true,"href":"https:\/\/www.sauletekio.vilniausr.lm.lt\/index.php?rest_route=\/wp\/v2\/media\/21905"}],"wp:attachment":[{"href":"https:\/\/www.sauletekio.vilniausr.lm.lt\/index.php?rest_route=%2Fwp%2Fv2%2Fmedia&parent=21904"}],"wp:term":[{"taxonomy":"category","embeddable":true,"href":"https:\/\/www.sauletekio.vilniausr.lm.lt\/index.php?rest_route=%2Fwp%2Fv2%2Fcategories&post=21904"},{"taxonomy":"post_tag","embeddable":true,"href":"https:\/\/www.sauletekio.vilniausr.lm.lt\/index.php?rest_route=%2Fwp%2Fv2%2Ftags&post=21904"}],"curies":[{"name":"wp","href":"https:\/\/api.w.org\/{rel}","templated":true}]}}