{"id":21957,"date":"2025-11-28T09:43:36","date_gmt":"2025-11-28T06:43:36","guid":{"rendered":"https:\/\/www.sauletekio.vilniausr.lm.lt\/?p=21957"},"modified":"2025-11-28T09:43:36","modified_gmt":"2025-11-28T06:43:36","slug":"literaturos-pamoka-tuskulenu-dvare","status":"publish","type":"post","link":"https:\/\/www.sauletekio.vilniausr.lm.lt\/?p=21957","title":{"rendered":"LITERAT\u016aROS PAMOKA TUSKUL\u0116N\u0172 DVARE"},"content":{"rendered":"<div class=\"fcbkbttn_buttons_block\" id=\"fcbkbttn_left\"><div class=\"fcbkbttn_like \"><fb:like href=\"https:\/\/www.sauletekio.vilniausr.lm.lt\/?p=21957\" action=\"like\" colorscheme=\"light\" layout=\"button_count\"  size=\"small\"><\/fb:like><\/div><div class=\"fb-share-button  \" data-href=\"https:\/\/www.sauletekio.vilniausr.lm.lt\/?p=21957\" data-type=\"button_count\" data-size=\"small\"><\/div><\/div>\n<p><strong>&nbsp;&nbsp;&nbsp;&nbsp;&nbsp;&nbsp;&nbsp;&nbsp;&nbsp;&nbsp;&nbsp; <\/strong>Lapkri\u010dio 26 d. 9 klas\u0117s mokiniai vyko \u012f Tuskul\u0117n\u0173 dvar\u0105, kuriame vyko literat\u016bros pamoka ,,D. Grinkevi\u010di\u016bt\u0117s memuar\u0173 ,,Lietuviai prie Laptev\u0173 j\u016bros\u201c kontekstai\u201c.<\/p>\n\n\n\n<p>&nbsp;&nbsp;&nbsp;&nbsp;&nbsp;&nbsp;&nbsp;&nbsp;&nbsp;&nbsp;&nbsp; I\u0161vykos metu devintokai rinko tr\u0117mimo \u012f Sibir\u0105 faktus, pild\u0117 savo \u017einias apie to meto gyvenim\u0105 Lietuvoje ir tremtyje. Aplank\u0117 ne tik muziej\u0173, bet ir auk\u0173 kolumbarium\u0105 ir koply\u010di\u0105.<\/p>\n\n\n\nngg_shortcode_0_placeholder\n","protected":false},"excerpt":{"rendered":"<p>&nbsp;&nbsp;&nbsp;&nbsp;&nbsp;&nbsp;&nbsp;&nbsp;&nbsp;&nbsp;&nbsp; Lapkri\u010dio 26 d. 9 klas\u0117s mokiniai vyko \u012f Tuskul\u0117n\u0173 dvar\u0105, kuriame vyko literat\u016bros pamoka ,,D. Grinkevi\u010di\u016bt\u0117s memuar\u0173 ,,Lietuviai prie Laptev\u0173 j\u016bros\u201c kontekstai\u201c. &nbsp;&nbsp;&nbsp;&nbsp;&nbsp;&nbsp;&nbsp;&nbsp;&nbsp;&nbsp;&nbsp; I\u0161vykos metu devintokai rinko tr\u0117mimo \u012f Sibir\u0105 faktus, pild\u0117 savo \u017einias apie to meto gyvenim\u0105 Lietuvoje ir tremtyje. Aplank\u0117 ne tik muziej\u0173, bet ir auk\u0173 kolumbarium\u0105&#8230;<\/p>\n<p> <a class=\"continue-reading-link\" href=\"https:\/\/www.sauletekio.vilniausr.lm.lt\/?p=21957\"><span>T\u0119sti skaitym\u0105<\/span><i class=\"crycon-right-dir\"><\/i><\/a> <\/p>\n","protected":false},"author":1,"featured_media":21958,"comment_status":"closed","ping_status":"closed","sticky":false,"template":"","format":"standard","meta":{"_uag_custom_page_level_css":"","advgb_blocks_editor_width":"","advgb_blocks_columns_visual_guide":"","ngg_post_thumbnail":8971,"footnotes":""},"categories":[1],"tags":[],"class_list":["post-21957","post","type-post","status-publish","format-standard","has-post-thumbnail","hentry","category-ugdymas"],"author_meta":{"display_name":"admin","author_link":"https:\/\/www.sauletekio.vilniausr.lm.lt\/?author=1"},"featured_img":"https:\/\/www.sauletekio.vilniausr.lm.lt\/wp-content\/uploads\/2025\/11\/nggallery_import\/04-225x300.jpg","uagb_featured_image_src":{"full":["https:\/\/www.sauletekio.vilniausr.lm.lt\/wp-content\/uploads\/2025\/11\/nggallery_import\/04.jpg",576,768,false],"thumbnail":["https:\/\/www.sauletekio.vilniausr.lm.lt\/wp-content\/uploads\/2025\/11\/nggallery_import\/04-150x150.jpg",150,150,true],"medium":["https:\/\/www.sauletekio.vilniausr.lm.lt\/wp-content\/uploads\/2025\/11\/nggallery_import\/04-225x300.jpg",225,300,true],"medium_large":["https:\/\/www.sauletekio.vilniausr.lm.lt\/wp-content\/uploads\/2025\/11\/nggallery_import\/04.jpg",576,768,false],"large":["https:\/\/www.sauletekio.vilniausr.lm.lt\/wp-content\/uploads\/2025\/11\/nggallery_import\/04.jpg",576,768,false],"1536x1536":["https:\/\/www.sauletekio.vilniausr.lm.lt\/wp-content\/uploads\/2025\/11\/nggallery_import\/04.jpg",576,768,false],"2048x2048":["https:\/\/www.sauletekio.vilniausr.lm.lt\/wp-content\/uploads\/2025\/11\/nggallery_import\/04.jpg",576,768,false],"post-thumbnail":["https:\/\/www.sauletekio.vilniausr.lm.lt\/wp-content\/uploads\/2025\/11\/nggallery_import\/04-113x150.jpg",113,150,true],"header":["https:\/\/www.sauletekio.vilniausr.lm.lt\/wp-content\/uploads\/2025\/11\/nggallery_import\/04-576x180.jpg",576,180,true],"slider":["https:\/\/www.sauletekio.vilniausr.lm.lt\/wp-content\/uploads\/2025\/11\/nggallery_import\/04-576x580.jpg",576,580,true],"columns":["https:\/\/www.sauletekio.vilniausr.lm.lt\/wp-content\/uploads\/2025\/11\/nggallery_import\/04-400x311.jpg",400,311,true],"custom":["https:\/\/www.sauletekio.vilniausr.lm.lt\/wp-content\/uploads\/2025\/11\/nggallery_import\/04-350x280.jpg",350,280,true]},"uagb_author_info":{"display_name":"admin","author_link":"https:\/\/www.sauletekio.vilniausr.lm.lt\/?author=1"},"uagb_comment_info":0,"uagb_excerpt":"&nbsp;&nbsp;&nbsp;&nbsp;&nbsp;&nbsp;&nbsp;&nbsp;&nbsp;&nbsp;&nbsp; Lapkri\u010dio 26 d. 9 klas\u0117s mokiniai vyko \u012f Tuskul\u0117n\u0173 dvar\u0105, kuriame vyko literat\u016bros pamoka ,,D. Grinkevi\u010di\u016bt\u0117s memuar\u0173 ,,Lietuviai prie Laptev\u0173 j\u016bros\u201c kontekstai\u201c. &nbsp;&nbsp;&nbsp;&nbsp;&nbsp;&nbsp;&nbsp;&nbsp;&nbsp;&nbsp;&nbsp; I\u0161vykos metu devintokai rinko tr\u0117mimo \u012f Sibir\u0105 faktus, pild\u0117 savo \u017einias apie to meto gyvenim\u0105 Lietuvoje ir tremtyje. Aplank\u0117 ne tik muziej\u0173, bet ir auk\u0173 kolumbarium\u0105... T\u0119sti skaitym\u0105","coauthors":[],"tax_additional":{"categories":{"linked":["<a href=\"https:\/\/www.sauletekio.vilniausr.lm.lt\/?cat=1\" class=\"advgb-post-tax-term\">Ugdymas<\/a>"],"unlinked":["<span class=\"advgb-post-tax-term\">Ugdymas<\/span>"]}},"comment_count":"0","relative_dates":{"created":"Posted 5 m\u0117nesiai ago","modified":"Updated 5 m\u0117nesiai ago"},"absolute_dates":{"created":"Posted on 2025-11-28","modified":"Updated on 2025-11-28"},"absolute_dates_time":{"created":"Posted on 2025-11-28 9:43","modified":"Updated on 2025-11-28 9:43"},"featured_img_caption":"","series_order":"","_links":{"self":[{"href":"https:\/\/www.sauletekio.vilniausr.lm.lt\/index.php?rest_route=\/wp\/v2\/posts\/21957","targetHints":{"allow":["GET"]}}],"collection":[{"href":"https:\/\/www.sauletekio.vilniausr.lm.lt\/index.php?rest_route=\/wp\/v2\/posts"}],"about":[{"href":"https:\/\/www.sauletekio.vilniausr.lm.lt\/index.php?rest_route=\/wp\/v2\/types\/post"}],"author":[{"embeddable":true,"href":"https:\/\/www.sauletekio.vilniausr.lm.lt\/index.php?rest_route=\/wp\/v2\/users\/1"}],"replies":[{"embeddable":true,"href":"https:\/\/www.sauletekio.vilniausr.lm.lt\/index.php?rest_route=%2Fwp%2Fv2%2Fcomments&post=21957"}],"version-history":[{"count":1,"href":"https:\/\/www.sauletekio.vilniausr.lm.lt\/index.php?rest_route=\/wp\/v2\/posts\/21957\/revisions"}],"predecessor-version":[{"id":21959,"href":"https:\/\/www.sauletekio.vilniausr.lm.lt\/index.php?rest_route=\/wp\/v2\/posts\/21957\/revisions\/21959"}],"wp:featuredmedia":[{"embeddable":true,"href":"https:\/\/www.sauletekio.vilniausr.lm.lt\/index.php?rest_route=\/wp\/v2\/media\/21958"}],"wp:attachment":[{"href":"https:\/\/www.sauletekio.vilniausr.lm.lt\/index.php?rest_route=%2Fwp%2Fv2%2Fmedia&parent=21957"}],"wp:term":[{"taxonomy":"category","embeddable":true,"href":"https:\/\/www.sauletekio.vilniausr.lm.lt\/index.php?rest_route=%2Fwp%2Fv2%2Fcategories&post=21957"},{"taxonomy":"post_tag","embeddable":true,"href":"https:\/\/www.sauletekio.vilniausr.lm.lt\/index.php?rest_route=%2Fwp%2Fv2%2Ftags&post=21957"}],"curies":[{"name":"wp","href":"https:\/\/api.w.org\/{rel}","templated":true}]}}