{"id":21986,"date":"2025-12-04T16:33:50","date_gmt":"2025-12-04T13:33:50","guid":{"rendered":"https:\/\/www.sauletekio.vilniausr.lm.lt\/?p=21986"},"modified":"2025-12-04T16:33:50","modified_gmt":"2025-12-04T13:33:50","slug":"eglutes-iziebimas-bezdonyse","status":"publish","type":"post","link":"https:\/\/www.sauletekio.vilniausr.lm.lt\/?p=21986","title":{"rendered":"EGLUT\u0116S \u012e\u017dIEBIMAS BEZDONYSE"},"content":{"rendered":"<div class=\"fcbkbttn_buttons_block\" id=\"fcbkbttn_left\"><div class=\"fcbkbttn_like \"><fb:like href=\"https:\/\/www.sauletekio.vilniausr.lm.lt\/?p=21986\" action=\"like\" colorscheme=\"light\" layout=\"button_count\"  size=\"small\"><\/fb:like><\/div><div class=\"fb-share-button  \" data-href=\"https:\/\/www.sauletekio.vilniausr.lm.lt\/?p=21986\" data-type=\"button_count\" data-size=\"small\"><\/div><\/div>\n<p>Lapkri\u010dio 29-osios vakar\u0105 Bezdoni\u0173 miestelyje skland\u0117 Kal\u0117dine nuotaika \u2013 i\u0161kilmingai \u012f\u017eiebta pagrindin\u0117 \u0161ventin\u0117 egl\u0117. \u012e jau tradicija tapus\u012f rengin\u012f susirinko gausus b\u016brys vietos gyventoj\u0173 ir sve\u010di\u0173, o ypa\u010d daug ma\u017e\u0173j\u0173, nekantriai laukusi\u0173 \u0161ios stebuklingos akimirkos.<\/p>\n\n\n\n<p>\u0160vent\u0117je dalyvavo ir m\u016bs\u0173 mokyklos prie\u0161mokyklinukai bei 5\u20136 klasi\u0173 mokiniai, kurie susirinkusiuosius d\u017eiugino \u0161ventine programa.<\/p>\n","protected":false},"excerpt":{"rendered":"<p>Lapkri\u010dio 29-osios vakar\u0105 Bezdoni\u0173 miestelyje skland\u0117 Kal\u0117dine nuotaika \u2013 i\u0161kilmingai \u012f\u017eiebta pagrindin\u0117 \u0161ventin\u0117 egl\u0117. \u012e jau tradicija tapus\u012f rengin\u012f susirinko gausus b\u016brys vietos gyventoj\u0173 ir sve\u010di\u0173, o ypa\u010d daug ma\u017e\u0173j\u0173, nekantriai laukusi\u0173 \u0161ios stebuklingos akimirkos. \u0160vent\u0117je dalyvavo ir m\u016bs\u0173 mokyklos prie\u0161mokyklinukai bei 5\u20136 klasi\u0173 mokiniai, kurie susirinkusiuosius d\u017eiugino \u0161ventine programa.<\/p>\n<p> <a class=\"continue-reading-link\" href=\"https:\/\/www.sauletekio.vilniausr.lm.lt\/?p=21986\"><span>T\u0119sti skaitym\u0105<\/span><i class=\"crycon-right-dir\"><\/i><\/a> <\/p>\n","protected":false},"author":1,"featured_media":21987,"comment_status":"closed","ping_status":"closed","sticky":false,"template":"","format":"standard","meta":{"_uag_custom_page_level_css":"","advgb_blocks_editor_width":"","advgb_blocks_columns_visual_guide":"","ngg_post_thumbnail":8991,"footnotes":""},"categories":[1],"tags":[],"class_list":["post-21986","post","type-post","status-publish","format-standard","has-post-thumbnail","hentry","category-ugdymas"],"author_meta":{"display_name":"admin","author_link":"https:\/\/www.sauletekio.vilniausr.lm.lt\/?author=1"},"featured_img":"https:\/\/www.sauletekio.vilniausr.lm.lt\/wp-content\/uploads\/2025\/12\/nggallery_import\/O_-HOLIC-225x300.jpg","uagb_featured_image_src":{"full":["https:\/\/www.sauletekio.vilniausr.lm.lt\/wp-content\/uploads\/2025\/12\/nggallery_import\/O_-HOLIC.jpg",576,768,false],"thumbnail":["https:\/\/www.sauletekio.vilniausr.lm.lt\/wp-content\/uploads\/2025\/12\/nggallery_import\/O_-HOLIC-150x150.jpg",150,150,true],"medium":["https:\/\/www.sauletekio.vilniausr.lm.lt\/wp-content\/uploads\/2025\/12\/nggallery_import\/O_-HOLIC-225x300.jpg",225,300,true],"medium_large":["https:\/\/www.sauletekio.vilniausr.lm.lt\/wp-content\/uploads\/2025\/12\/nggallery_import\/O_-HOLIC.jpg",576,768,false],"large":["https:\/\/www.sauletekio.vilniausr.lm.lt\/wp-content\/uploads\/2025\/12\/nggallery_import\/O_-HOLIC.jpg",576,768,false],"1536x1536":["https:\/\/www.sauletekio.vilniausr.lm.lt\/wp-content\/uploads\/2025\/12\/nggallery_import\/O_-HOLIC.jpg",576,768,false],"2048x2048":["https:\/\/www.sauletekio.vilniausr.lm.lt\/wp-content\/uploads\/2025\/12\/nggallery_import\/O_-HOLIC.jpg",576,768,false],"post-thumbnail":["https:\/\/www.sauletekio.vilniausr.lm.lt\/wp-content\/uploads\/2025\/12\/nggallery_import\/O_-HOLIC-113x150.jpg",113,150,true],"header":["https:\/\/www.sauletekio.vilniausr.lm.lt\/wp-content\/uploads\/2025\/12\/nggallery_import\/O_-HOLIC-576x180.jpg",576,180,true],"slider":["https:\/\/www.sauletekio.vilniausr.lm.lt\/wp-content\/uploads\/2025\/12\/nggallery_import\/O_-HOLIC-576x580.jpg",576,580,true],"columns":["https:\/\/www.sauletekio.vilniausr.lm.lt\/wp-content\/uploads\/2025\/12\/nggallery_import\/O_-HOLIC-400x311.jpg",400,311,true],"custom":["https:\/\/www.sauletekio.vilniausr.lm.lt\/wp-content\/uploads\/2025\/12\/nggallery_import\/O_-HOLIC-350x280.jpg",350,280,true]},"uagb_author_info":{"display_name":"admin","author_link":"https:\/\/www.sauletekio.vilniausr.lm.lt\/?author=1"},"uagb_comment_info":0,"uagb_excerpt":"Lapkri\u010dio 29-osios vakar\u0105 Bezdoni\u0173 miestelyje skland\u0117 Kal\u0117dine nuotaika \u2013 i\u0161kilmingai \u012f\u017eiebta pagrindin\u0117 \u0161ventin\u0117 egl\u0117. \u012e jau tradicija tapus\u012f rengin\u012f susirinko gausus b\u016brys vietos gyventoj\u0173 ir sve\u010di\u0173, o ypa\u010d daug ma\u017e\u0173j\u0173, nekantriai laukusi\u0173 \u0161ios stebuklingos akimirkos. \u0160vent\u0117je dalyvavo ir m\u016bs\u0173 mokyklos prie\u0161mokyklinukai bei 5\u20136 klasi\u0173 mokiniai, kurie susirinkusiuosius d\u017eiugino \u0161ventine programa. T\u0119sti skaitym\u0105","coauthors":[],"tax_additional":{"categories":{"linked":["<a href=\"https:\/\/www.sauletekio.vilniausr.lm.lt\/?cat=1\" class=\"advgb-post-tax-term\">Ugdymas<\/a>"],"unlinked":["<span class=\"advgb-post-tax-term\">Ugdymas<\/span>"]}},"comment_count":"0","relative_dates":{"created":"Posted 5 m\u0117nesiai ago","modified":"Updated 5 m\u0117nesiai ago"},"absolute_dates":{"created":"Posted on 2025-12-04","modified":"Updated on 2025-12-04"},"absolute_dates_time":{"created":"Posted on 2025-12-04 16:33","modified":"Updated on 2025-12-04 16:33"},"featured_img_caption":"","series_order":"","_links":{"self":[{"href":"https:\/\/www.sauletekio.vilniausr.lm.lt\/index.php?rest_route=\/wp\/v2\/posts\/21986","targetHints":{"allow":["GET"]}}],"collection":[{"href":"https:\/\/www.sauletekio.vilniausr.lm.lt\/index.php?rest_route=\/wp\/v2\/posts"}],"about":[{"href":"https:\/\/www.sauletekio.vilniausr.lm.lt\/index.php?rest_route=\/wp\/v2\/types\/post"}],"author":[{"embeddable":true,"href":"https:\/\/www.sauletekio.vilniausr.lm.lt\/index.php?rest_route=\/wp\/v2\/users\/1"}],"replies":[{"embeddable":true,"href":"https:\/\/www.sauletekio.vilniausr.lm.lt\/index.php?rest_route=%2Fwp%2Fv2%2Fcomments&post=21986"}],"version-history":[{"count":1,"href":"https:\/\/www.sauletekio.vilniausr.lm.lt\/index.php?rest_route=\/wp\/v2\/posts\/21986\/revisions"}],"predecessor-version":[{"id":21988,"href":"https:\/\/www.sauletekio.vilniausr.lm.lt\/index.php?rest_route=\/wp\/v2\/posts\/21986\/revisions\/21988"}],"wp:featuredmedia":[{"embeddable":true,"href":"https:\/\/www.sauletekio.vilniausr.lm.lt\/index.php?rest_route=\/wp\/v2\/media\/21987"}],"wp:attachment":[{"href":"https:\/\/www.sauletekio.vilniausr.lm.lt\/index.php?rest_route=%2Fwp%2Fv2%2Fmedia&parent=21986"}],"wp:term":[{"taxonomy":"category","embeddable":true,"href":"https:\/\/www.sauletekio.vilniausr.lm.lt\/index.php?rest_route=%2Fwp%2Fv2%2Fcategories&post=21986"},{"taxonomy":"post_tag","embeddable":true,"href":"https:\/\/www.sauletekio.vilniausr.lm.lt\/index.php?rest_route=%2Fwp%2Fv2%2Ftags&post=21986"}],"curies":[{"name":"wp","href":"https:\/\/api.w.org\/{rel}","templated":true}]}}