{"id":22008,"date":"2025-12-09T13:06:02","date_gmt":"2025-12-09T10:06:02","guid":{"rendered":"https:\/\/www.sauletekio.vilniausr.lm.lt\/?p=22008"},"modified":"2025-12-09T13:06:02","modified_gmt":"2025-12-09T10:06:02","slug":"advento-vakarone-priesmokyklinio-ugdymo-grupeje","status":"publish","type":"post","link":"https:\/\/www.sauletekio.vilniausr.lm.lt\/?p=22008","title":{"rendered":"ADVENTO VAKARON\u0116 PRIE\u0160MOKYKLINIO UGDYMO GRUP\u0116JE"},"content":{"rendered":"<div class=\"fcbkbttn_buttons_block\" id=\"fcbkbttn_left\"><div class=\"fcbkbttn_like \"><fb:like href=\"https:\/\/www.sauletekio.vilniausr.lm.lt\/?p=22008\" action=\"like\" colorscheme=\"light\" layout=\"button_count\"  size=\"small\"><\/fb:like><\/div><div class=\"fb-share-button  \" data-href=\"https:\/\/www.sauletekio.vilniausr.lm.lt\/?p=22008\" data-type=\"button_count\" data-size=\"small\"><\/div><\/div>\n<p>Gruod\u017eio 2 d. prie\u0161mokyklinio ugdymo grup\u0117je tvyrojo ypatinga jaukumo ir bendryst\u0117s atmosfera \u2013 \u010dia vyko tradicin\u0117 advento vakaron\u0117, sub\u016brusi vaikus, j\u0173 t\u0117velius ir pedagogus kartu pasitikti ramyb\u0117s bei laukimo laikotarp\u012f.<\/p>\n\n\n\n<p>Vakaron\u0117 prasid\u0117jo k\u016brybin\u0117mis dirbtuv\u0117l\u0117mis: t\u0117vai kartu su vaikais pyn\u0117 advento vainikus. Ma\u017eosios rankyt\u0117s kruop\u0161\u010diai d\u0117liojo \u0161akeles, puo\u0161\u0117 jas \u017eaismingais akcentais, o t\u0117vai pad\u0117jo sukurti gra\u017eius ir prasmingus \u0161io laikotarpio simbolius. Dirbtuv\u0117l\u0117se netr\u016bko smagi\u0173 pokalbi\u0173, juoko ir malonaus k\u016brybos \u0161urmulio.<\/p>\n\n\n\n<p>V\u0117liau vaikai pristat\u0117 trump\u0105, ta\u010diau labai \u0161ilt\u0105 vaidinim\u0105 apie Kal\u0117d\u0173 laukim\u0105. Ma\u017eieji aktoriai nuo\u0161ird\u017eiai perteik\u0117 advento prasm\u0119 \u2013 susikaupim\u0105, gerum\u0105 ir bendryst\u0119. T\u0117veliai su did\u017eiuliu d\u017eiaugsmu ir pasidid\u017eiavimu steb\u0117jo savo at\u017ealas scenoje.<\/p>\n\n\n\n<p>Po pasirodymo visi buvo pakviesti pasivai\u0161inti kvapniais imbieriniais sausainiais ir kar\u0161ta arbata. Jauk\u016bs pokalbiai ir \u0161ventin\u0117 nuotaika dar ilgai skland\u0117 grup\u0117je, o bendras laikas leido sustiprinti bendruomeni\u0161kumo jausm\u0105.<\/p>\n\n\n\n<p>Advento vakaron\u0117 tapo prasminga \u012f\u017eanga \u012f gra\u017eiausias met\u0173 \u0161ventes, primindama, kad tikrosios j\u0173 vertyb\u0117s gimsta i\u0161 bendryst\u0117s, nuo\u0161irdumo ir \u0161ilumos, kuria dalijam\u0117s vieni su kitais.<\/p>\n\n\n\nngg_shortcode_0_placeholder\n\n\n\n<figure class=\"wp-block-video\"><video height=\"576\" style=\"aspect-ratio: 1024 \/ 576;\" width=\"1024\" controls src=\"https:\/\/www.sauletekio.vilniausr.lm.lt\/wp-content\/uploads\/2025\/12\/18.mp4\"><\/video><\/figure>\n","protected":false},"excerpt":{"rendered":"<p>Gruod\u017eio 2 d. prie\u0161mokyklinio ugdymo grup\u0117je tvyrojo ypatinga jaukumo ir bendryst\u0117s atmosfera \u2013 \u010dia vyko tradicin\u0117 advento vakaron\u0117, sub\u016brusi vaikus, j\u0173 t\u0117velius ir pedagogus kartu pasitikti ramyb\u0117s bei laukimo laikotarp\u012f. Vakaron\u0117 prasid\u0117jo k\u016brybin\u0117mis dirbtuv\u0117l\u0117mis: t\u0117vai kartu su vaikais pyn\u0117 advento vainikus. Ma\u017eosios rankyt\u0117s kruop\u0161\u010diai d\u0117liojo \u0161akeles, puo\u0161\u0117 jas \u017eaismingais akcentais,&#8230;<\/p>\n<p> <a class=\"continue-reading-link\" href=\"https:\/\/www.sauletekio.vilniausr.lm.lt\/?p=22008\"><span>T\u0119sti skaitym\u0105<\/span><i class=\"crycon-right-dir\"><\/i><\/a> <\/p>\n","protected":false},"author":1,"featured_media":22010,"comment_status":"closed","ping_status":"closed","sticky":false,"template":"","format":"standard","meta":{"_uag_custom_page_level_css":"","advgb_blocks_editor_width":"","advgb_blocks_columns_visual_guide":"","ngg_post_thumbnail":8997,"footnotes":""},"categories":[1],"tags":[],"class_list":["post-22008","post","type-post","status-publish","format-standard","has-post-thumbnail","hentry","category-ugdymas"],"author_meta":{"display_name":"admin","author_link":"https:\/\/www.sauletekio.vilniausr.lm.lt\/?author=1"},"featured_img":"https:\/\/www.sauletekio.vilniausr.lm.lt\/wp-content\/uploads\/2025\/12\/nggallery_import\/01-225x300.jpg","uagb_featured_image_src":{"full":["https:\/\/www.sauletekio.vilniausr.lm.lt\/wp-content\/uploads\/2025\/12\/nggallery_import\/01.jpg",576,768,false],"thumbnail":["https:\/\/www.sauletekio.vilniausr.lm.lt\/wp-content\/uploads\/2025\/12\/nggallery_import\/01-150x150.jpg",150,150,true],"medium":["https:\/\/www.sauletekio.vilniausr.lm.lt\/wp-content\/uploads\/2025\/12\/nggallery_import\/01-225x300.jpg",225,300,true],"medium_large":["https:\/\/www.sauletekio.vilniausr.lm.lt\/wp-content\/uploads\/2025\/12\/nggallery_import\/01.jpg",576,768,false],"large":["https:\/\/www.sauletekio.vilniausr.lm.lt\/wp-content\/uploads\/2025\/12\/nggallery_import\/01.jpg",576,768,false],"1536x1536":["https:\/\/www.sauletekio.vilniausr.lm.lt\/wp-content\/uploads\/2025\/12\/nggallery_import\/01.jpg",576,768,false],"2048x2048":["https:\/\/www.sauletekio.vilniausr.lm.lt\/wp-content\/uploads\/2025\/12\/nggallery_import\/01.jpg",576,768,false],"post-thumbnail":["https:\/\/www.sauletekio.vilniausr.lm.lt\/wp-content\/uploads\/2025\/12\/nggallery_import\/01-113x150.jpg",113,150,true],"header":["https:\/\/www.sauletekio.vilniausr.lm.lt\/wp-content\/uploads\/2025\/12\/nggallery_import\/01-576x180.jpg",576,180,true],"slider":["https:\/\/www.sauletekio.vilniausr.lm.lt\/wp-content\/uploads\/2025\/12\/nggallery_import\/01-576x580.jpg",576,580,true],"columns":["https:\/\/www.sauletekio.vilniausr.lm.lt\/wp-content\/uploads\/2025\/12\/nggallery_import\/01-400x311.jpg",400,311,true],"custom":["https:\/\/www.sauletekio.vilniausr.lm.lt\/wp-content\/uploads\/2025\/12\/nggallery_import\/01-350x280.jpg",350,280,true]},"uagb_author_info":{"display_name":"admin","author_link":"https:\/\/www.sauletekio.vilniausr.lm.lt\/?author=1"},"uagb_comment_info":0,"uagb_excerpt":"Gruod\u017eio 2 d. prie\u0161mokyklinio ugdymo grup\u0117je tvyrojo ypatinga jaukumo ir bendryst\u0117s atmosfera \u2013 \u010dia vyko tradicin\u0117 advento vakaron\u0117, sub\u016brusi vaikus, j\u0173 t\u0117velius ir pedagogus kartu pasitikti ramyb\u0117s bei laukimo laikotarp\u012f. Vakaron\u0117 prasid\u0117jo k\u016brybin\u0117mis dirbtuv\u0117l\u0117mis: t\u0117vai kartu su vaikais pyn\u0117 advento vainikus. Ma\u017eosios rankyt\u0117s kruop\u0161\u010diai d\u0117liojo \u0161akeles, puo\u0161\u0117 jas \u017eaismingais akcentais,... T\u0119sti skaitym\u0105","coauthors":[],"tax_additional":{"categories":{"linked":["<a href=\"https:\/\/www.sauletekio.vilniausr.lm.lt\/?cat=1\" class=\"advgb-post-tax-term\">Ugdymas<\/a>"],"unlinked":["<span class=\"advgb-post-tax-term\">Ugdymas<\/span>"]}},"comment_count":"0","relative_dates":{"created":"Posted 5 m\u0117nesiai ago","modified":"Updated 5 m\u0117nesiai ago"},"absolute_dates":{"created":"Posted on 2025-12-09","modified":"Updated on 2025-12-09"},"absolute_dates_time":{"created":"Posted on 2025-12-09 13:06","modified":"Updated on 2025-12-09 13:06"},"featured_img_caption":"","series_order":"","_links":{"self":[{"href":"https:\/\/www.sauletekio.vilniausr.lm.lt\/index.php?rest_route=\/wp\/v2\/posts\/22008","targetHints":{"allow":["GET"]}}],"collection":[{"href":"https:\/\/www.sauletekio.vilniausr.lm.lt\/index.php?rest_route=\/wp\/v2\/posts"}],"about":[{"href":"https:\/\/www.sauletekio.vilniausr.lm.lt\/index.php?rest_route=\/wp\/v2\/types\/post"}],"author":[{"embeddable":true,"href":"https:\/\/www.sauletekio.vilniausr.lm.lt\/index.php?rest_route=\/wp\/v2\/users\/1"}],"replies":[{"embeddable":true,"href":"https:\/\/www.sauletekio.vilniausr.lm.lt\/index.php?rest_route=%2Fwp%2Fv2%2Fcomments&post=22008"}],"version-history":[{"count":1,"href":"https:\/\/www.sauletekio.vilniausr.lm.lt\/index.php?rest_route=\/wp\/v2\/posts\/22008\/revisions"}],"predecessor-version":[{"id":22011,"href":"https:\/\/www.sauletekio.vilniausr.lm.lt\/index.php?rest_route=\/wp\/v2\/posts\/22008\/revisions\/22011"}],"wp:featuredmedia":[{"embeddable":true,"href":"https:\/\/www.sauletekio.vilniausr.lm.lt\/index.php?rest_route=\/wp\/v2\/media\/22010"}],"wp:attachment":[{"href":"https:\/\/www.sauletekio.vilniausr.lm.lt\/index.php?rest_route=%2Fwp%2Fv2%2Fmedia&parent=22008"}],"wp:term":[{"taxonomy":"category","embeddable":true,"href":"https:\/\/www.sauletekio.vilniausr.lm.lt\/index.php?rest_route=%2Fwp%2Fv2%2Fcategories&post=22008"},{"taxonomy":"post_tag","embeddable":true,"href":"https:\/\/www.sauletekio.vilniausr.lm.lt\/index.php?rest_route=%2Fwp%2Fv2%2Ftags&post=22008"}],"curies":[{"name":"wp","href":"https:\/\/api.w.org\/{rel}","templated":true}]}}