{"id":22312,"date":"2026-01-28T11:36:19","date_gmt":"2026-01-28T08:36:19","guid":{"rendered":"https:\/\/www.sauletekio.vilniausr.lm.lt\/?p=22312"},"modified":"2026-01-28T11:36:19","modified_gmt":"2026-01-28T08:36:19","slug":"susitikimas-su-vilniaus-rajono-jaunimo-reikalu-tarybos-nariais","status":"publish","type":"post","link":"https:\/\/www.sauletekio.vilniausr.lm.lt\/?p=22312","title":{"rendered":"SUSITIKIMAS SU VILNIAUS RAJONO JAUNIMO REIKAL\u0172 TARYBOS NARIAIS"},"content":{"rendered":"<div class=\"fcbkbttn_buttons_block\" id=\"fcbkbttn_left\"><div class=\"fcbkbttn_like \"><fb:like href=\"https:\/\/www.sauletekio.vilniausr.lm.lt\/?p=22312\" action=\"like\" colorscheme=\"light\" layout=\"button_count\"  size=\"small\"><\/fb:like><\/div><div class=\"fb-share-button  \" data-href=\"https:\/\/www.sauletekio.vilniausr.lm.lt\/?p=22312\" data-type=\"button_count\" data-size=\"small\"><\/div><\/div>\n<p>Sausio 27 d. m\u016bs\u0173 mokykloje apsilank\u0117 Vilniaus rajono jaunimo reikal\u0173 tarybos koordinatorius Ernest Stelmach ir Vilniaus rajono savivaldyb\u0117s jaunimo tarybos nar\u0117 Justyna Belunska. Susitikime dalyvavo 8\u201310 klasi\u0173 mokiniai.<\/p>\n\n\n\n<p>Susitikimo metu mokyklos sve\u010diai pristat\u0117 savo veikl\u0105, kalb\u0117jo apie jaunimo u\u017eimtumo galimybes rajone. Mokiniai susipa\u017eino Vilniaus rajono vasaros u\u017eimtumo programomis, jaunimo \u012fsidarbinimo galimyb\u0117mis bei stipendij\u0173 si\u016blomomis alternatyvomis.<\/p>\n\n\n\nngg_shortcode_0_placeholder\n","protected":false},"excerpt":{"rendered":"<p>Sausio 27 d. m\u016bs\u0173 mokykloje apsilank\u0117 Vilniaus rajono jaunimo reikal\u0173 tarybos koordinatorius Ernest Stelmach ir Vilniaus rajono savivaldyb\u0117s jaunimo tarybos nar\u0117 Justyna Belunska. Susitikime dalyvavo 8\u201310 klasi\u0173 mokiniai. Susitikimo metu mokyklos sve\u010diai pristat\u0117 savo veikl\u0105, kalb\u0117jo apie jaunimo u\u017eimtumo galimybes rajone. Mokiniai susipa\u017eino Vilniaus rajono vasaros u\u017eimtumo programomis, jaunimo \u012fsidarbinimo&#8230;<\/p>\n<p> <a class=\"continue-reading-link\" href=\"https:\/\/www.sauletekio.vilniausr.lm.lt\/?p=22312\"><span>T\u0119sti skaitym\u0105<\/span><i class=\"crycon-right-dir\"><\/i><\/a> <\/p>\n","protected":false},"author":1,"featured_media":22313,"comment_status":"closed","ping_status":"closed","sticky":false,"template":"","format":"standard","meta":{"_uag_custom_page_level_css":"","advgb_blocks_editor_width":"","advgb_blocks_columns_visual_guide":"","ngg_post_thumbnail":9197,"footnotes":""},"categories":[1],"tags":[],"class_list":["post-22312","post","type-post","status-publish","format-standard","has-post-thumbnail","hentry","category-ugdymas"],"author_meta":{"display_name":"admin","author_link":"https:\/\/www.sauletekio.vilniausr.lm.lt\/?author=1"},"featured_img":"https:\/\/www.sauletekio.vilniausr.lm.lt\/wp-content\/uploads\/2026\/01\/nggallery_import\/2-225x300.jpg","uagb_featured_image_src":{"full":["https:\/\/www.sauletekio.vilniausr.lm.lt\/wp-content\/uploads\/2026\/01\/nggallery_import\/2.jpg",576,768,false],"thumbnail":["https:\/\/www.sauletekio.vilniausr.lm.lt\/wp-content\/uploads\/2026\/01\/nggallery_import\/2-150x150.jpg",150,150,true],"medium":["https:\/\/www.sauletekio.vilniausr.lm.lt\/wp-content\/uploads\/2026\/01\/nggallery_import\/2-225x300.jpg",225,300,true],"medium_large":["https:\/\/www.sauletekio.vilniausr.lm.lt\/wp-content\/uploads\/2026\/01\/nggallery_import\/2.jpg",576,768,false],"large":["https:\/\/www.sauletekio.vilniausr.lm.lt\/wp-content\/uploads\/2026\/01\/nggallery_import\/2.jpg",576,768,false],"1536x1536":["https:\/\/www.sauletekio.vilniausr.lm.lt\/wp-content\/uploads\/2026\/01\/nggallery_import\/2.jpg",576,768,false],"2048x2048":["https:\/\/www.sauletekio.vilniausr.lm.lt\/wp-content\/uploads\/2026\/01\/nggallery_import\/2.jpg",576,768,false],"post-thumbnail":["https:\/\/www.sauletekio.vilniausr.lm.lt\/wp-content\/uploads\/2026\/01\/nggallery_import\/2-113x150.jpg",113,150,true],"header":["https:\/\/www.sauletekio.vilniausr.lm.lt\/wp-content\/uploads\/2026\/01\/nggallery_import\/2-576x180.jpg",576,180,true],"slider":["https:\/\/www.sauletekio.vilniausr.lm.lt\/wp-content\/uploads\/2026\/01\/nggallery_import\/2-576x580.jpg",576,580,true],"columns":["https:\/\/www.sauletekio.vilniausr.lm.lt\/wp-content\/uploads\/2026\/01\/nggallery_import\/2-400x311.jpg",400,311,true],"custom":["https:\/\/www.sauletekio.vilniausr.lm.lt\/wp-content\/uploads\/2026\/01\/nggallery_import\/2-350x280.jpg",350,280,true]},"uagb_author_info":{"display_name":"admin","author_link":"https:\/\/www.sauletekio.vilniausr.lm.lt\/?author=1"},"uagb_comment_info":0,"uagb_excerpt":"Sausio 27 d. m\u016bs\u0173 mokykloje apsilank\u0117 Vilniaus rajono jaunimo reikal\u0173 tarybos koordinatorius Ernest Stelmach ir Vilniaus rajono savivaldyb\u0117s jaunimo tarybos nar\u0117 Justyna Belunska. Susitikime dalyvavo 8\u201310 klasi\u0173 mokiniai. Susitikimo metu mokyklos sve\u010diai pristat\u0117 savo veikl\u0105, kalb\u0117jo apie jaunimo u\u017eimtumo galimybes rajone. Mokiniai susipa\u017eino Vilniaus rajono vasaros u\u017eimtumo programomis, jaunimo \u012fsidarbinimo... T\u0119sti skaitym\u0105","coauthors":[],"tax_additional":{"categories":{"linked":["<a href=\"https:\/\/www.sauletekio.vilniausr.lm.lt\/?cat=1\" class=\"advgb-post-tax-term\">Ugdymas<\/a>"],"unlinked":["<span class=\"advgb-post-tax-term\">Ugdymas<\/span>"]}},"comment_count":"0","relative_dates":{"created":"Posted 3 m\u0117nesiai ago","modified":"Updated 3 m\u0117nesiai ago"},"absolute_dates":{"created":"Posted on 2026-01-28","modified":"Updated on 2026-01-28"},"absolute_dates_time":{"created":"Posted on 2026-01-28 11:36","modified":"Updated on 2026-01-28 11:36"},"featured_img_caption":"","series_order":"","_links":{"self":[{"href":"https:\/\/www.sauletekio.vilniausr.lm.lt\/index.php?rest_route=\/wp\/v2\/posts\/22312","targetHints":{"allow":["GET"]}}],"collection":[{"href":"https:\/\/www.sauletekio.vilniausr.lm.lt\/index.php?rest_route=\/wp\/v2\/posts"}],"about":[{"href":"https:\/\/www.sauletekio.vilniausr.lm.lt\/index.php?rest_route=\/wp\/v2\/types\/post"}],"author":[{"embeddable":true,"href":"https:\/\/www.sauletekio.vilniausr.lm.lt\/index.php?rest_route=\/wp\/v2\/users\/1"}],"replies":[{"embeddable":true,"href":"https:\/\/www.sauletekio.vilniausr.lm.lt\/index.php?rest_route=%2Fwp%2Fv2%2Fcomments&post=22312"}],"version-history":[{"count":1,"href":"https:\/\/www.sauletekio.vilniausr.lm.lt\/index.php?rest_route=\/wp\/v2\/posts\/22312\/revisions"}],"predecessor-version":[{"id":22314,"href":"https:\/\/www.sauletekio.vilniausr.lm.lt\/index.php?rest_route=\/wp\/v2\/posts\/22312\/revisions\/22314"}],"wp:featuredmedia":[{"embeddable":true,"href":"https:\/\/www.sauletekio.vilniausr.lm.lt\/index.php?rest_route=\/wp\/v2\/media\/22313"}],"wp:attachment":[{"href":"https:\/\/www.sauletekio.vilniausr.lm.lt\/index.php?rest_route=%2Fwp%2Fv2%2Fmedia&parent=22312"}],"wp:term":[{"taxonomy":"category","embeddable":true,"href":"https:\/\/www.sauletekio.vilniausr.lm.lt\/index.php?rest_route=%2Fwp%2Fv2%2Fcategories&post=22312"},{"taxonomy":"post_tag","embeddable":true,"href":"https:\/\/www.sauletekio.vilniausr.lm.lt\/index.php?rest_route=%2Fwp%2Fv2%2Ftags&post=22312"}],"curies":[{"name":"wp","href":"https:\/\/api.w.org\/{rel}","templated":true}]}}