{"id":22906,"date":"2026-04-27T20:45:09","date_gmt":"2026-04-27T17:45:09","guid":{"rendered":"https:\/\/www.sauletekio.vilniausr.lm.lt\/?p=22906"},"modified":"2026-04-27T20:45:09","modified_gmt":"2026-04-27T17:45:09","slug":"zygis-su-rasytoju-justinu-zilinsku","status":"publish","type":"post","link":"https:\/\/www.sauletekio.vilniausr.lm.lt\/?p=22906","title":{"rendered":"\u017dYGIS SU RA\u0160YTOJU JUSTINU \u017dILINSKU"},"content":{"rendered":"<div class=\"fcbkbttn_buttons_block\" id=\"fcbkbttn_left\"><div class=\"fcbkbttn_like \"><fb:like href=\"https:\/\/www.sauletekio.vilniausr.lm.lt\/?p=22906\" action=\"like\" colorscheme=\"light\" layout=\"button_count\"  size=\"small\"><\/fb:like><\/div><div class=\"fb-share-button  \" data-href=\"https:\/\/www.sauletekio.vilniausr.lm.lt\/?p=22906\" data-type=\"button_count\" data-size=\"small\"><\/div><\/div>\n<p><strong>&nbsp;&nbsp;&nbsp;&nbsp;&nbsp;&nbsp;&nbsp;&nbsp;&nbsp;&nbsp;&nbsp; <\/strong>Baland\u017eio 24 d. 7 klas\u0117s mokiniai leidosi \u012f \u017eyg\u012f su ra\u0161ytoju, skaitomo romano ,,Kaukas Gugis ir ker\u0173 karas\u201c autoriumi, teis\u0117s profesoriumi Justinu \u017dilinsku po Saki\u0161ki\u0173 mi\u0161k\u0105.<\/p>\n\n\n\n<p>&nbsp;&nbsp;&nbsp;&nbsp;&nbsp;&nbsp;&nbsp;&nbsp;&nbsp;&nbsp;&nbsp; \u017dygis prasid\u0117jo prie Saki\u0161ki\u0173 upelio i\u0161tak\u0173, nustebinusios upelio akies. V\u0117liau mokiniams teko \u012fveikti pelk\u0119, kirtimus, kalvotus mi\u0161ko takelius, kol buvo pasiektas Neries skardis. Pakeliui mokiniai ai\u0161kinosi, kod\u0117l susiformavo toks skardis, kokie med\u017eiai ir augalai auga, kokie gyv\u016bnai gyvena \u0161iame mi\u0161ke. Ra\u0161ytojas Justinas \u017dilinskas atsakin\u0117jo \u012f mokini\u0173 klausimus apie savo gyvenim\u0105, k\u016bryb\u0105 ir romano ,,Kaukas Gugis ir ker\u0173 karas\u201c siu\u017eet\u0105. \u012edomu buvo beklausant ragauti kadagio vaisi\u0173 ir ki\u0161kio kop\u016bst\u0173. Poilsio metu beproti\u0161kai skan\u016bs buvo ra\u0161ytojo d\u017ei\u016bv\u0117s\u0117liai ir arbata.<\/p>\n\n\n\n<p>&nbsp;&nbsp;&nbsp;&nbsp;&nbsp;&nbsp;&nbsp;&nbsp;&nbsp;&nbsp;&nbsp; \u012eveik\u0119 vir\u0161 6 km ir pasiek\u0119 Saki\u0161kes septintokai apsilank\u0117 sve\u010diuose pas klas\u0117s draug\u0119 Severij\u0105. \u010cia kartu su ra\u0161ytoju reflektavo apie \u017eyg\u012f: vardino, kas labiausiai patiko, kas buvo \u012fsp\u016bdingiausia. V\u0117liau Justinas \u017dilinskas i\u0161mok\u0117 \u017eod\u017ei\u0173 \u017eaidim\u0105, kur\u012f mielai visi \u017eaid\u0117 besim\u0117gaudami Severijos t\u0117\u010dio lauko krosnyje keptomis picomis.<\/p>\n\n\n\n<p>&nbsp;&nbsp;&nbsp;&nbsp;&nbsp;&nbsp;&nbsp;&nbsp;&nbsp;&nbsp;&nbsp; Diena pral\u0117k\u0117 ne tik naudingai, bet ir be galo \u012fsp\u016bdingai! Drambli\u0161kas a\u010di\u016b ra\u0161ytojui Justinui \u017dilinskui, Severijai ir jos t\u0117\u010diui u\u017e nuostabiai praleist\u0105 laik\u0105!<\/p>\n\n\n\nngg_shortcode_0_placeholder\n","protected":false},"excerpt":{"rendered":"<p>&nbsp;&nbsp;&nbsp;&nbsp;&nbsp;&nbsp;&nbsp;&nbsp;&nbsp;&nbsp;&nbsp; Baland\u017eio 24 d. 7 klas\u0117s mokiniai leidosi \u012f \u017eyg\u012f su ra\u0161ytoju, skaitomo romano ,,Kaukas Gugis ir ker\u0173 karas\u201c autoriumi, teis\u0117s profesoriumi Justinu \u017dilinsku po Saki\u0161ki\u0173 mi\u0161k\u0105. &nbsp;&nbsp;&nbsp;&nbsp;&nbsp;&nbsp;&nbsp;&nbsp;&nbsp;&nbsp;&nbsp; \u017dygis prasid\u0117jo prie Saki\u0161ki\u0173 upelio i\u0161tak\u0173, nustebinusios upelio akies. V\u0117liau mokiniams teko \u012fveikti pelk\u0119, kirtimus, kalvotus mi\u0161ko takelius, kol buvo pasiektas Neries&#8230;<\/p>\n<p> <a class=\"continue-reading-link\" href=\"https:\/\/www.sauletekio.vilniausr.lm.lt\/?p=22906\"><span>T\u0119sti skaitym\u0105<\/span><i class=\"crycon-right-dir\"><\/i><\/a> <\/p>\n","protected":false},"author":1,"featured_media":22907,"comment_status":"closed","ping_status":"closed","sticky":false,"template":"","format":"standard","meta":{"_uag_custom_page_level_css":"","advgb_blocks_editor_width":"","advgb_blocks_columns_visual_guide":"","ngg_post_thumbnail":0,"footnotes":""},"categories":[1],"tags":[],"class_list":["post-22906","post","type-post","status-publish","format-standard","has-post-thumbnail","hentry","category-ugdymas"],"author_meta":{"display_name":"admin","author_link":"https:\/\/www.sauletekio.vilniausr.lm.lt\/?author=1"},"featured_img":"https:\/\/www.sauletekio.vilniausr.lm.lt\/wp-content\/uploads\/2026\/04\/02-300x225.jpg","uagb_featured_image_src":{"full":["https:\/\/www.sauletekio.vilniausr.lm.lt\/wp-content\/uploads\/2026\/04\/02.jpg",2048,1536,false],"thumbnail":["https:\/\/www.sauletekio.vilniausr.lm.lt\/wp-content\/uploads\/2026\/04\/02-150x150.jpg",150,150,true],"medium":["https:\/\/www.sauletekio.vilniausr.lm.lt\/wp-content\/uploads\/2026\/04\/02-300x225.jpg",300,225,true],"medium_large":["https:\/\/www.sauletekio.vilniausr.lm.lt\/wp-content\/uploads\/2026\/04\/02-768x576.jpg",768,576,true],"large":["https:\/\/www.sauletekio.vilniausr.lm.lt\/wp-content\/uploads\/2026\/04\/02-1024x768.jpg",800,600,true],"1536x1536":["https:\/\/www.sauletekio.vilniausr.lm.lt\/wp-content\/uploads\/2026\/04\/02-1536x1152.jpg",1536,1152,true],"2048x2048":["https:\/\/www.sauletekio.vilniausr.lm.lt\/wp-content\/uploads\/2026\/04\/02.jpg",2048,1536,false],"post-thumbnail":["https:\/\/www.sauletekio.vilniausr.lm.lt\/wp-content\/uploads\/2026\/04\/02-150x113.jpg",150,113,true],"header":["https:\/\/www.sauletekio.vilniausr.lm.lt\/wp-content\/uploads\/2026\/04\/02-1200x180.jpg",1200,180,true],"slider":["https:\/\/www.sauletekio.vilniausr.lm.lt\/wp-content\/uploads\/2026\/04\/02-1920x580.jpg",1920,580,true],"columns":["https:\/\/www.sauletekio.vilniausr.lm.lt\/wp-content\/uploads\/2026\/04\/02-400x311.jpg",400,311,true],"custom":["https:\/\/www.sauletekio.vilniausr.lm.lt\/wp-content\/uploads\/2026\/04\/02-350x280.jpg",350,280,true]},"uagb_author_info":{"display_name":"admin","author_link":"https:\/\/www.sauletekio.vilniausr.lm.lt\/?author=1"},"uagb_comment_info":0,"uagb_excerpt":"&nbsp;&nbsp;&nbsp;&nbsp;&nbsp;&nbsp;&nbsp;&nbsp;&nbsp;&nbsp;&nbsp; Baland\u017eio 24 d. 7 klas\u0117s mokiniai leidosi \u012f \u017eyg\u012f su ra\u0161ytoju, skaitomo romano ,,Kaukas Gugis ir ker\u0173 karas\u201c autoriumi, teis\u0117s profesoriumi Justinu \u017dilinsku po Saki\u0161ki\u0173 mi\u0161k\u0105. &nbsp;&nbsp;&nbsp;&nbsp;&nbsp;&nbsp;&nbsp;&nbsp;&nbsp;&nbsp;&nbsp; \u017dygis prasid\u0117jo prie Saki\u0161ki\u0173 upelio i\u0161tak\u0173, nustebinusios upelio akies. V\u0117liau mokiniams teko \u012fveikti pelk\u0119, kirtimus, kalvotus mi\u0161ko takelius, kol buvo pasiektas Neries... T\u0119sti skaitym\u0105","coauthors":[],"tax_additional":{"categories":{"linked":["<a href=\"https:\/\/www.sauletekio.vilniausr.lm.lt\/?cat=1\" class=\"advgb-post-tax-term\">Ugdymas<\/a>"],"unlinked":["<span class=\"advgb-post-tax-term\">Ugdymas<\/span>"]}},"comment_count":"0","relative_dates":{"created":"Posted 14 val ago","modified":"Updated 14 val ago"},"absolute_dates":{"created":"Posted on 2026-04-27","modified":"Updated on 2026-04-27"},"absolute_dates_time":{"created":"Posted on 2026-04-27 20:45","modified":"Updated on 2026-04-27 20:45"},"featured_img_caption":"","series_order":"","_links":{"self":[{"href":"https:\/\/www.sauletekio.vilniausr.lm.lt\/index.php?rest_route=\/wp\/v2\/posts\/22906","targetHints":{"allow":["GET"]}}],"collection":[{"href":"https:\/\/www.sauletekio.vilniausr.lm.lt\/index.php?rest_route=\/wp\/v2\/posts"}],"about":[{"href":"https:\/\/www.sauletekio.vilniausr.lm.lt\/index.php?rest_route=\/wp\/v2\/types\/post"}],"author":[{"embeddable":true,"href":"https:\/\/www.sauletekio.vilniausr.lm.lt\/index.php?rest_route=\/wp\/v2\/users\/1"}],"replies":[{"embeddable":true,"href":"https:\/\/www.sauletekio.vilniausr.lm.lt\/index.php?rest_route=%2Fwp%2Fv2%2Fcomments&post=22906"}],"version-history":[{"count":1,"href":"https:\/\/www.sauletekio.vilniausr.lm.lt\/index.php?rest_route=\/wp\/v2\/posts\/22906\/revisions"}],"predecessor-version":[{"id":22908,"href":"https:\/\/www.sauletekio.vilniausr.lm.lt\/index.php?rest_route=\/wp\/v2\/posts\/22906\/revisions\/22908"}],"wp:featuredmedia":[{"embeddable":true,"href":"https:\/\/www.sauletekio.vilniausr.lm.lt\/index.php?rest_route=\/wp\/v2\/media\/22907"}],"wp:attachment":[{"href":"https:\/\/www.sauletekio.vilniausr.lm.lt\/index.php?rest_route=%2Fwp%2Fv2%2Fmedia&parent=22906"}],"wp:term":[{"taxonomy":"category","embeddable":true,"href":"https:\/\/www.sauletekio.vilniausr.lm.lt\/index.php?rest_route=%2Fwp%2Fv2%2Fcategories&post=22906"},{"taxonomy":"post_tag","embeddable":true,"href":"https:\/\/www.sauletekio.vilniausr.lm.lt\/index.php?rest_route=%2Fwp%2Fv2%2Ftags&post=22906"}],"curies":[{"name":"wp","href":"https:\/\/api.w.org\/{rel}","templated":true}]}}