{"id":9709,"date":"2019-06-12T14:39:04","date_gmt":"2019-06-12T12:39:04","guid":{"rendered":"https:\/\/www.sauletekio.vilniausr.lm.lt\/?p=9709"},"modified":"2020-02-07T09:24:34","modified_gmt":"2020-02-07T07:24:34","slug":"isvyka-i-kauna","status":"publish","type":"post","link":"https:\/\/www.sauletekio.vilniausr.lm.lt\/?p=9709","title":{"rendered":"I\u0161vyka \u012f Kaun\u0105"},"content":{"rendered":"<div class=\"fcbkbttn_buttons_block\" id=\"fcbkbttn_left\"><div class=\"fcbkbttn_like \"><fb:like href=\"https:\/\/www.sauletekio.vilniausr.lm.lt\/?p=9709\" action=\"like\" colorscheme=\"light\" layout=\"button_count\"  size=\"small\"><\/fb:like><\/div><div class=\"fb-share-button  \" data-href=\"https:\/\/www.sauletekio.vilniausr.lm.lt\/?p=9709\" data-type=\"button_count\" data-size=\"small\"><\/div><\/div>\n<p>2019 m. bir\u017eelio 11 d. m\u016bs\u0173 mokyklos 5-10 klasi\u0173 mokiniai kartu su mokytojomis vyko aplankyti Kaun\u0105. Ekskursija po Laikin\u0105j\u0105 sostin\u0119 prasid\u0117jo nuo \u017daliakalnio funikulieriaus. Tai, pirmas toks \u012frenginys Lietuvoje, turintis istorin\u0119, technologin\u0119 ir architekt\u016brin\u0119 vert\u0119. Jo istorija prasideda nuo 1931 m. rugpj\u016b\u010dio 31 d. Kadangi net Antrojo pasaulinio karo metais \u0161is keltuvas nenukent\u0117jo, tai ekskursij\u0173 dalyviai dar ir \u0161iandien gali g\u0117r\u0117tis autenti\u0161ku vagon\u0117li\u0173 interjeru. <br>V\u0117liau autobusas pasuko \u012f Zoologijos sod\u0105. \u010cia tur\u0117jome puiki\u0105 prog\u0105 ap\u017ei\u016br\u0117ti did\u017eiausi\u0105 gyv\u016bn\u0173 kolekcij\u0105 Lietuvoje. Ypa\u010d visus su\u017eav\u0117jo ruonis Kajus, o\u017ek\u0173 \u0161eimyna, gra\u017euol\u0117s pel\u0117dos ir grak\u0161\u010diosios \u017eirafos. <br>Labiausiai susimastyti privert\u0117 apsilankymas IX forte, kur visi dalyvavo temin\u0117je ekskursijoje \u201eHolokaustas Lietuvoje\u201c. \u010cia susipa\u017einome su Antrojo pasaulinio karo metu nacistin\u0117s Vokietijos vykdytu \u017eyd\u0173 tautos naikinimu, Kauno geto istorija, legendiniu \u201elavon\u0173 degintoj\u0173\u201c pab\u0117gimu, apsilank\u0117 masini\u0173 \u017eudyni\u0173 vietoje, kuri\u0105 \u0161iandien \u017eymi skulptoriaus A.V. Ambrazi\u016bno memorialinis paminklas. <br>I\u0161vykos pabaigoje apsilank\u0117me Mega prekybos centre, kur ap\u017ei\u016br\u0117jome atnaujint\u0105 akvarium\u0105 su jame plaukiojan\u010diais rykliais ir turtinga augmenija.<br>Prie \u0161ios i\u0161vykos organizavimo prisid\u0117jo geografijos, biologijos vyresn. mokytoja Sigita \u010ciurlien\u0117, matematikos, informacini\u0173 technologij\u0173 mokytoja Diana Kovalevskaja ir istorijos vyresn. mokytoja Milda Da\u0161kevi\u010dien\u0117. Tai pat mokinius ekskursijoje lyd\u0117jo 5 klas\u0117s vadov\u0117 Judita Kuralavi\u010di\u016bt\u0117, 7-8 klas\u0117s vadov\u0117 \u017dana \u010cuividien\u0117, logoped\u0117, spec. pedagog\u0117 Gra\u017eina Simelien\u0117 ir rus\u0173 kalbos vyresn. mokytoja Vera \u0160apalova.<\/p>\n\n\n\nngg_shortcode_0_placeholder\n\n\n\n<p>Istorijos vyresn. mokytoja Milda Da\u0161kevi\u010dien\u0117<\/p>\n","protected":false},"excerpt":{"rendered":"<p>2019 m. bir\u017eelio 11 d. m\u016bs\u0173 mokyklos 5-10 klasi\u0173 mokiniai kartu su mokytojomis vyko aplankyti Kaun\u0105. Ekskursija po Laikin\u0105j\u0105 sostin\u0119 prasid\u0117jo nuo \u017daliakalnio funikulieriaus. Tai, pirmas toks \u012frenginys Lietuvoje, turintis istorin\u0119, technologin\u0119 ir architekt\u016brin\u0119 vert\u0119. Jo istorija prasideda nuo 1931 m. rugpj\u016b\u010dio 31 d. Kadangi net Antrojo pasaulinio karo metais&#8230;<\/p>\n<p> <a class=\"continue-reading-link\" href=\"https:\/\/www.sauletekio.vilniausr.lm.lt\/?p=9709\"><span>T\u0119sti skaitym\u0105<\/span><i class=\"crycon-right-dir\"><\/i><\/a> <\/p>\n","protected":false},"author":1,"featured_media":9726,"comment_status":"closed","ping_status":"closed","sticky":false,"template":"","format":"standard","meta":{"_uag_custom_page_level_css":"","advgb_blocks_editor_width":"","advgb_blocks_columns_visual_guide":"","ngg_post_thumbnail":0,"footnotes":""},"categories":[1],"tags":[],"class_list":["post-9709","post","type-post","status-publish","format-standard","has-post-thumbnail","hentry","category-ugdymas"],"author_meta":{"display_name":"admin","author_link":"https:\/\/www.sauletekio.vilniausr.lm.lt\/?author=1"},"featured_img":"https:\/\/www.sauletekio.vilniausr.lm.lt\/wp-content\/uploads\/2019\/06\/10-e1560343104925-300x225.jpg","uagb_featured_image_src":{"full":["https:\/\/www.sauletekio.vilniausr.lm.lt\/wp-content\/uploads\/2019\/06\/10-e1560343104925.jpg",820,615,false],"thumbnail":["https:\/\/www.sauletekio.vilniausr.lm.lt\/wp-content\/uploads\/2019\/06\/10-e1560343104925-150x150.jpg",150,150,true],"medium":["https:\/\/www.sauletekio.vilniausr.lm.lt\/wp-content\/uploads\/2019\/06\/10-e1560343104925-300x225.jpg",300,225,true],"medium_large":["https:\/\/www.sauletekio.vilniausr.lm.lt\/wp-content\/uploads\/2019\/06\/10-e1560343104925-768x576.jpg",768,576,true],"large":["https:\/\/www.sauletekio.vilniausr.lm.lt\/wp-content\/uploads\/2019\/06\/10-1024x768.jpg",800,600,true],"1536x1536":["https:\/\/www.sauletekio.vilniausr.lm.lt\/wp-content\/uploads\/2019\/06\/10-e1560343104925.jpg",820,615,false],"2048x2048":["https:\/\/www.sauletekio.vilniausr.lm.lt\/wp-content\/uploads\/2019\/06\/10-e1560343104925.jpg",820,615,false],"post-thumbnail":["https:\/\/www.sauletekio.vilniausr.lm.lt\/wp-content\/uploads\/2019\/06\/10-e1560343104925.jpg",150,113,false],"header":["https:\/\/www.sauletekio.vilniausr.lm.lt\/wp-content\/uploads\/2019\/06\/10-e1560343104925.jpg",240,180,false],"slider":["https:\/\/www.sauletekio.vilniausr.lm.lt\/wp-content\/uploads\/2019\/06\/10-e1560343104925.jpg",773,580,false],"columns":["https:\/\/www.sauletekio.vilniausr.lm.lt\/wp-content\/uploads\/2019\/06\/10-e1560343104925.jpg",400,300,false],"custom":["https:\/\/www.sauletekio.vilniausr.lm.lt\/wp-content\/uploads\/2019\/06\/10-e1560343104925.jpg",350,263,false]},"uagb_author_info":{"display_name":"admin","author_link":"https:\/\/www.sauletekio.vilniausr.lm.lt\/?author=1"},"uagb_comment_info":0,"uagb_excerpt":"2019 m. bir\u017eelio 11 d. m\u016bs\u0173 mokyklos 5-10 klasi\u0173 mokiniai kartu su mokytojomis vyko aplankyti Kaun\u0105. Ekskursija po Laikin\u0105j\u0105 sostin\u0119 prasid\u0117jo nuo \u017daliakalnio funikulieriaus. Tai, pirmas toks \u012frenginys Lietuvoje, turintis istorin\u0119, technologin\u0119 ir architekt\u016brin\u0119 vert\u0119. Jo istorija prasideda nuo 1931 m. rugpj\u016b\u010dio 31 d. Kadangi net Antrojo pasaulinio karo metais... T\u0119sti skaitym\u0105","coauthors":[],"tax_additional":{"categories":{"linked":["<a href=\"https:\/\/www.sauletekio.vilniausr.lm.lt\/?cat=1\" class=\"advgb-post-tax-term\">Ugdymas<\/a>"],"unlinked":["<span class=\"advgb-post-tax-term\">Ugdymas<\/span>"]}},"comment_count":"0","relative_dates":{"created":"Posted 7 metai ago","modified":"Updated 6 metai ago"},"absolute_dates":{"created":"Posted on 2019-06-12","modified":"Updated on 2020-02-07"},"absolute_dates_time":{"created":"Posted on 2019-06-12 14:39","modified":"Updated on 2020-02-07 9:24"},"featured_img_caption":"","series_order":"","_links":{"self":[{"href":"https:\/\/www.sauletekio.vilniausr.lm.lt\/index.php?rest_route=\/wp\/v2\/posts\/9709","targetHints":{"allow":["GET"]}}],"collection":[{"href":"https:\/\/www.sauletekio.vilniausr.lm.lt\/index.php?rest_route=\/wp\/v2\/posts"}],"about":[{"href":"https:\/\/www.sauletekio.vilniausr.lm.lt\/index.php?rest_route=\/wp\/v2\/types\/post"}],"author":[{"embeddable":true,"href":"https:\/\/www.sauletekio.vilniausr.lm.lt\/index.php?rest_route=\/wp\/v2\/users\/1"}],"replies":[{"embeddable":true,"href":"https:\/\/www.sauletekio.vilniausr.lm.lt\/index.php?rest_route=%2Fwp%2Fv2%2Fcomments&post=9709"}],"version-history":[{"count":3,"href":"https:\/\/www.sauletekio.vilniausr.lm.lt\/index.php?rest_route=\/wp\/v2\/posts\/9709\/revisions"}],"predecessor-version":[{"id":10582,"href":"https:\/\/www.sauletekio.vilniausr.lm.lt\/index.php?rest_route=\/wp\/v2\/posts\/9709\/revisions\/10582"}],"wp:featuredmedia":[{"embeddable":true,"href":"https:\/\/www.sauletekio.vilniausr.lm.lt\/index.php?rest_route=\/wp\/v2\/media\/9726"}],"wp:attachment":[{"href":"https:\/\/www.sauletekio.vilniausr.lm.lt\/index.php?rest_route=%2Fwp%2Fv2%2Fmedia&parent=9709"}],"wp:term":[{"taxonomy":"category","embeddable":true,"href":"https:\/\/www.sauletekio.vilniausr.lm.lt\/index.php?rest_route=%2Fwp%2Fv2%2Fcategories&post=9709"},{"taxonomy":"post_tag","embeddable":true,"href":"https:\/\/www.sauletekio.vilniausr.lm.lt\/index.php?rest_route=%2Fwp%2Fv2%2Ftags&post=9709"}],"curies":[{"name":"wp","href":"https:\/\/api.w.org\/{rel}","templated":true}]}}