{"id":9749,"date":"2019-06-13T20:00:33","date_gmt":"2019-06-13T18:00:33","guid":{"rendered":"https:\/\/www.sauletekio.vilniausr.lm.lt\/?p=9749"},"modified":"2020-02-07T09:23:56","modified_gmt":"2020-02-07T07:23:56","slug":"ekskursija-i-anykscius","status":"publish","type":"post","link":"https:\/\/www.sauletekio.vilniausr.lm.lt\/?p=9749","title":{"rendered":"Ekskursija \u012f Anyk\u0161\u010dius"},"content":{"rendered":"<div class=\"fcbkbttn_buttons_block\" id=\"fcbkbttn_left\"><div class=\"fcbkbttn_like \"><fb:like href=\"https:\/\/www.sauletekio.vilniausr.lm.lt\/?p=9749\" action=\"like\" colorscheme=\"light\" layout=\"button_count\"  size=\"small\"><\/fb:like><\/div><div class=\"fb-share-button  \" data-href=\"https:\/\/www.sauletekio.vilniausr.lm.lt\/?p=9749\" data-type=\"button_count\" data-size=\"small\"><\/div><\/div>\n<p>Bir\u017eelio 7 d. visi pradini\u0173 klasi\u0173 mokiniai kartu su pradinio ugdymo mokytojomis: L. \u0160varciene, G. Snie\u0161kiene, R. Aranauskiene ir G. Masalskiene i\u0161vyko \u012f ekskursij\u0105 po Anyk\u0161\u010dius.&nbsp; Mokiniai lank\u0117si \u201eLabirint\u0173 parke\u201c.&nbsp; \u010cia jie tur\u0117jo galimyb\u0119 i\u0161bandyti \u201e\u0160okin\u0117jimo pagalv\u0119\u201c ir pasijusti laisvam it pauk\u0161tis. Nors dabar ir ne \u017eiema, mokiniai tur\u0117jo galimyb\u0119 pa\u010diuo\u017ein\u0117ti nuo kalniuko. Tai puikias emocijas&nbsp;sukeliantis \u010diuo\u017eimas&nbsp;padanga nuo keli\u0173 skirting\u0173 tras\u0173 ne tik vaikams, bet ir mokytojoms. Ekskursijos metu visi gal\u0117jo pasigro\u017e\u0117ti \u201e\u017daliosiomis skulpt\u016bromis\u201c, u\u017elipti ant \u201eStalo mil\u017eino\u201c, u\u017esukti \u012f \u201eKreiv\u0173 veidrod\u017ei\u0173 karalyst\u0119\u201c ir \u201eVeidrod\u017ei\u0173 labirint\u0105\u201c, i\u0161 kuri\u0173 ne kiekvienas sugeb\u0117jo rasti i\u0161\u0117jim\u0105.<\/p>\n<p>Po apsilankymo parke visi nuvykome \u012f \u201eArklio muziej\u0173\u201c. \u010cia dalyvavome edukacin\u0117je programoje \u201eBitel\u0117 ratuota\u201c. Programos metu vaikai su\u017einojo apie bi\u010di\u0173 gyvenim\u0105, senosios bitininkyst\u0117s tradicijas. Sodybos \u0161eiminink\u0117 papasakojo apie bi\u010di\u0173 gaminamus produktus, j\u0173 naud\u0105 ir pritaikym\u0105 senov\u0117je bei dabartyje. Kartu prisimin\u0117me bi\u010di\u0173 glob\u0117j\u0105 \u2013 deiv\u0119 Aust\u0117j\u0105. Su\u017einojome apie va\u0161k\u0105, jo panaudojim\u0105 \u012fvairiose srityse, \u017evaki\u0173 gamybos b\u016bdus. Patys gal\u0117jome i\u0161bandyti vien\u0105 seniausi\u0173 i\u0161 j\u0173 \u2013 \u017evaki\u0173 liejim\u0105 ant ratelio, ir kiekvienas nusiliejo \u017evakel\u0119, kuri\u0105 parsive\u017e\u0117 \u012f namus.&nbsp; Va\u0161kui stingstant, skanavome&nbsp; kaimi\u0161kas vai\u0161es, \u017eaid\u0117me kieme su senoviniais \u017eaislais, kurie pagaminti i\u0161 med\u017eio. Aplank\u0117me \u201eArklio muziej\u0173\u201c, ap\u017ei\u016br\u0117jome ekspozicij\u0105, klaus\u0117m\u0117s gido \u012fdomaus pasakojimo apie arkli\u0173 gyvenim\u0105. Tur\u0117jome galimyb\u0119 susipa\u017einti su arklio \u201ekalba\u201c, jo emocijomis. Su\u017einojome kaip yra skai\u010diuojamas arklio am\u017eius ir kod\u0117l negerai sutikti \u201earkl\u012f su batais\u201c .<\/p>\n<p>Pavarg\u0119, bet pilni \u012fsp\u016bd\u017ei\u0173 gr\u012f\u017eome namo.<\/p>\n\n\n\nngg_shortcode_0_placeholder\n\n\n\n<p>Pradinio\nugdymo mokytoja metodinink\u0117 Renata Aranauskien\u0117<\/p>\n","protected":false},"excerpt":{"rendered":"<p>Bir\u017eelio 7 d. visi pradini\u0173 klasi\u0173 mokiniai kartu su pradinio ugdymo mokytojomis: L. \u0160varciene, G. Snie\u0161kiene, R. Aranauskiene ir G. Masalskiene i\u0161vyko \u012f ekskursij\u0105 po Anyk\u0161\u010dius.&nbsp; Mokiniai lank\u0117si \u201eLabirint\u0173 parke\u201c.&nbsp; \u010cia jie tur\u0117jo galimyb\u0119 i\u0161bandyti \u201e\u0160okin\u0117jimo pagalv\u0119\u201c ir pasijusti laisvam it pauk\u0161tis. Nors dabar ir ne \u017eiema, mokiniai tur\u0117jo galimyb\u0119&#8230;<\/p>\n<p> <a class=\"continue-reading-link\" href=\"https:\/\/www.sauletekio.vilniausr.lm.lt\/?p=9749\"><span>T\u0119sti skaitym\u0105<\/span><i class=\"crycon-right-dir\"><\/i><\/a> <\/p>\n","protected":false},"author":1,"featured_media":9751,"comment_status":"closed","ping_status":"closed","sticky":false,"template":"","format":"standard","meta":{"_uag_custom_page_level_css":"","advgb_blocks_editor_width":"","advgb_blocks_columns_visual_guide":"","ngg_post_thumbnail":0,"footnotes":""},"categories":[1],"tags":[],"class_list":["post-9749","post","type-post","status-publish","format-standard","has-post-thumbnail","hentry","category-ugdymas"],"author_meta":{"display_name":"admin","author_link":"https:\/\/www.sauletekio.vilniausr.lm.lt\/?author=1"},"featured_img":"https:\/\/www.sauletekio.vilniausr.lm.lt\/wp-content\/uploads\/2019\/06\/09-300x225.jpg","uagb_featured_image_src":{"full":["https:\/\/www.sauletekio.vilniausr.lm.lt\/wp-content\/uploads\/2019\/06\/09.jpg",820,615,false],"thumbnail":["https:\/\/www.sauletekio.vilniausr.lm.lt\/wp-content\/uploads\/2019\/06\/09-150x150.jpg",150,150,true],"medium":["https:\/\/www.sauletekio.vilniausr.lm.lt\/wp-content\/uploads\/2019\/06\/09-300x225.jpg",300,225,true],"medium_large":["https:\/\/www.sauletekio.vilniausr.lm.lt\/wp-content\/uploads\/2019\/06\/09-768x576.jpg",768,576,true],"large":["https:\/\/www.sauletekio.vilniausr.lm.lt\/wp-content\/uploads\/2019\/06\/09.jpg",800,600,false],"1536x1536":["https:\/\/www.sauletekio.vilniausr.lm.lt\/wp-content\/uploads\/2019\/06\/09.jpg",820,615,false],"2048x2048":["https:\/\/www.sauletekio.vilniausr.lm.lt\/wp-content\/uploads\/2019\/06\/09.jpg",820,615,false],"post-thumbnail":["https:\/\/www.sauletekio.vilniausr.lm.lt\/wp-content\/uploads\/2019\/06\/09.jpg",150,113,false],"header":["https:\/\/www.sauletekio.vilniausr.lm.lt\/wp-content\/uploads\/2019\/06\/09.jpg",240,180,false],"slider":["https:\/\/www.sauletekio.vilniausr.lm.lt\/wp-content\/uploads\/2019\/06\/09.jpg",773,580,false],"columns":["https:\/\/www.sauletekio.vilniausr.lm.lt\/wp-content\/uploads\/2019\/06\/09.jpg",400,300,false],"custom":["https:\/\/www.sauletekio.vilniausr.lm.lt\/wp-content\/uploads\/2019\/06\/09.jpg",350,263,false]},"uagb_author_info":{"display_name":"admin","author_link":"https:\/\/www.sauletekio.vilniausr.lm.lt\/?author=1"},"uagb_comment_info":0,"uagb_excerpt":"Bir\u017eelio 7 d. visi pradini\u0173 klasi\u0173 mokiniai kartu su pradinio ugdymo mokytojomis: L. \u0160varciene, G. Snie\u0161kiene, R. Aranauskiene ir G. Masalskiene i\u0161vyko \u012f ekskursij\u0105 po Anyk\u0161\u010dius.&nbsp; Mokiniai lank\u0117si \u201eLabirint\u0173 parke\u201c.&nbsp; \u010cia jie tur\u0117jo galimyb\u0119 i\u0161bandyti \u201e\u0160okin\u0117jimo pagalv\u0119\u201c ir pasijusti laisvam it pauk\u0161tis. Nors dabar ir ne \u017eiema, mokiniai tur\u0117jo galimyb\u0119... T\u0119sti skaitym\u0105","coauthors":[],"tax_additional":{"categories":{"linked":["<a href=\"https:\/\/www.sauletekio.vilniausr.lm.lt\/?cat=1\" class=\"advgb-post-tax-term\">Ugdymas<\/a>"],"unlinked":["<span class=\"advgb-post-tax-term\">Ugdymas<\/span>"]}},"comment_count":"0","relative_dates":{"created":"Posted 7 metai ago","modified":"Updated 6 metai ago"},"absolute_dates":{"created":"Posted on 2019-06-13","modified":"Updated on 2020-02-07"},"absolute_dates_time":{"created":"Posted on 2019-06-13 20:00","modified":"Updated on 2020-02-07 9:23"},"featured_img_caption":"dav","series_order":"","_links":{"self":[{"href":"https:\/\/www.sauletekio.vilniausr.lm.lt\/index.php?rest_route=\/wp\/v2\/posts\/9749","targetHints":{"allow":["GET"]}}],"collection":[{"href":"https:\/\/www.sauletekio.vilniausr.lm.lt\/index.php?rest_route=\/wp\/v2\/posts"}],"about":[{"href":"https:\/\/www.sauletekio.vilniausr.lm.lt\/index.php?rest_route=\/wp\/v2\/types\/post"}],"author":[{"embeddable":true,"href":"https:\/\/www.sauletekio.vilniausr.lm.lt\/index.php?rest_route=\/wp\/v2\/users\/1"}],"replies":[{"embeddable":true,"href":"https:\/\/www.sauletekio.vilniausr.lm.lt\/index.php?rest_route=%2Fwp%2Fv2%2Fcomments&post=9749"}],"version-history":[{"count":3,"href":"https:\/\/www.sauletekio.vilniausr.lm.lt\/index.php?rest_route=\/wp\/v2\/posts\/9749\/revisions"}],"predecessor-version":[{"id":10579,"href":"https:\/\/www.sauletekio.vilniausr.lm.lt\/index.php?rest_route=\/wp\/v2\/posts\/9749\/revisions\/10579"}],"wp:featuredmedia":[{"embeddable":true,"href":"https:\/\/www.sauletekio.vilniausr.lm.lt\/index.php?rest_route=\/wp\/v2\/media\/9751"}],"wp:attachment":[{"href":"https:\/\/www.sauletekio.vilniausr.lm.lt\/index.php?rest_route=%2Fwp%2Fv2%2Fmedia&parent=9749"}],"wp:term":[{"taxonomy":"category","embeddable":true,"href":"https:\/\/www.sauletekio.vilniausr.lm.lt\/index.php?rest_route=%2Fwp%2Fv2%2Fcategories&post=9749"},{"taxonomy":"post_tag","embeddable":true,"href":"https:\/\/www.sauletekio.vilniausr.lm.lt\/index.php?rest_route=%2Fwp%2Fv2%2Ftags&post=9749"}],"curies":[{"name":"wp","href":"https:\/\/api.w.org\/{rel}","templated":true}]}}