{"id":9945,"date":"2019-09-27T08:58:37","date_gmt":"2019-09-27T06:58:37","guid":{"rendered":"https:\/\/www.sauletekio.vilniausr.lm.lt\/?p=9945"},"modified":"2020-02-07T09:20:11","modified_gmt":"2020-02-07T07:20:11","slug":"vrsa-socialiniu-paslaugu-seimai-ir-vaikui-skyriaus-atmintine","status":"publish","type":"post","link":"https:\/\/www.sauletekio.vilniausr.lm.lt\/?p=9945","title":{"rendered":"VRSA Socialini\u0173 paslaug\u0173 \u0161eimai ir vaikui skyriaus atmintin\u0117"},"content":{"rendered":"<div class=\"fcbkbttn_buttons_block\" id=\"fcbkbttn_left\"><div class=\"fcbkbttn_like \"><fb:like href=\"https:\/\/www.sauletekio.vilniausr.lm.lt\/?p=9945\" action=\"like\" colorscheme=\"light\" layout=\"button_count\"  size=\"small\"><\/fb:like><\/div><div class=\"fb-share-button  \" data-href=\"https:\/\/www.sauletekio.vilniausr.lm.lt\/?p=9945\" data-type=\"button_count\" data-size=\"small\"><\/div><\/div>\n<p style=\"text-align: center;\"><strong>LAIKINOSIOS GLOBOS (R\u016aPYBOS) NUSTATYMAS T\u0116V\u0172 PRA\u0160YMU<\/strong><\/p>\n<p>Vadovaudamiesi Lietuvos Respublikos socialin\u0117s apsaugos ir darbo ministro 2018 m. liepos 13 d. \u012fsakymo Nr. A1-368 \u201eD\u0117l Lietuvos Respublikos socialin\u0117s apsaugos ir darbo ministro 2002 m. baland\u017eio 18 d. \u012fsakymo Nr. 56 \u201eD\u0117l vaiko laikinosios globos (r\u016bpybos) nuostat\u0173 patvirtinimo\u201c pakeitimo\u201c 22 punktu, vaiko t\u0117vai laikino i\u0161vykimo i\u0161 Lietuvos Respublikos laikotarpiu, palikdami savo vaik\u0105 pri\u017ei\u016br\u0117ti pasirinktam fiziniam asmeniui ne ilgesniam kaip <strong><u>a\u0161tuoniolikos m\u0117nesi\u0173<\/u><\/strong> terminui nuo j\u0173 i\u0161vykimo, <strong><u>prie\u0161 30 kalendorini\u0173 dien\u0173<\/u><\/strong> iki i\u0161vykimo savo gyvenamosios vietos savivaldyb\u0117s administracijai privalo pateikti:<\/p>\n<ol>\n<li>ra\u0161ytin\u012f <a href=\"https:\/\/www.vrsa.lt\/get_file.php?file=WjZpZnE1blhtWm1Ya1cya2xtVnBwcHpDblp1Wm41blFaY2FlcEpSZmw2aHNtSjJpYWRDVW5XZlZjR1pqbkppaXlzJTJCYW1uQnV5cG1hbXNsaWExNlZsV3Foekp4bzNKTnpsSlNaWldpR21Ldkx4Sno2bTllVjNXdk9sNUtYbzVKUlpwYk0lMkZaMzdsNlNYZ202dFpKZHBvc3JPbHFSdVZzalFsOEthbXBpYmw1cVpvSmFvYWRlVG9XUFJiYXFWVnB5Z25jJTJGSnBHbVl5dE5sMU1aUm1LUmo5VzdKbmE5b0tjZnJhWUticDJxb25acktLTW5XYTYlMkZJMFd2V2xsR1lubWFtYTZYS3JXN0Z3NnhpMjJpa2FhVnVaNXZIbmFTYm1aM2NaWnliYkdNJTNE\">pra\u0161ym\u0105 d\u0117l vaiko laikinosios globos (r\u016bpybos) t\u0117v\u0173 pra\u0161ymu nustatymo j\u0173 i\u0161vykimo i\u0161 \u0161alies laikotarpiu ir fizinio asmens paskyrimo glob\u0117ju (r\u016bpintoju),<\/a>&nbsp; kuriam jie patiki laikinai pri\u017ei\u016br\u0117ti savo vaik\u0105;<\/li>\n<li>i\u0161ra\u0161\u0105 i\u0161 vaiko gimimo \u012fra\u0161o ar vaiko asmens tapatyb\u0119 patvirtinan\u010dio dokumento kopij\u0105;<\/li>\n<li>t\u0117v\u0173 ir asmens, si\u016blomo skirti vaiko laikinuoju glob\u0117ju (r\u016bpintoju), asmens tapatyb\u0119 patvirtinan\u010di\u0173 dokument\u0173 kopijas;<\/li>\n<li>asmens, si\u016blomo skirti vaiko laikinuoju glob\u0117ju (r\u016bpintoju) sveikatos apsaugos ministro nustatytos formos sveikatos pa\u017eym\u0117jim\u0105 (0\/46a forma);<\/li>\n<li>kartu su asmeniu, si\u016blomu skirti vaiko laikinuoju glob\u0117ju (r\u016bpintoju), gyvenan\u010di\u0173 vyresni\u0173 kaip 16 met\u0173 asmen\u0173 ra\u0161ytinius sutikimus, kad si\u016blomas asmuo b\u016bt\u0173 paskirtas vaiko laikinuoju glob\u0117ju (r\u016bpintoju).<\/li>\n<\/ol>\n<p><strong><em>Atkreipiame J\u016bs\u0173 d\u0117mes\u012f \u012f tai, kad:<\/em><\/strong><\/p>\n<ul>\n<li>Tik pateikus <strong><u>visus<\/u><\/strong> auk\u0161\u010diau i\u0161vardintus dokumentus,&nbsp; pra\u0161ymas nustatyti vaiko glob\u0105 t\u0117v\u0173 pra\u0161ymu yra priimamas ir registruojamas.<\/li>\n<li>Registruoti dokumentai ne v\u0117liau kaip <strong><u>per 5 darbo dienas<\/u><\/strong> persiun\u010diami:<\/li>\n<\/ul>\n<ul>\n<li>Vilniaus rajono socialini\u0173 paslaug\u0173 centrui, kad b\u016bt\u0173 atliktas ir parengtas asmens, si\u016blomo skirti vaiko laikinuoju glob\u0117ju (r\u016bpintoju), gyvenamosios vietos <u>buities ir gyvenimo s\u0105lyg\u0173 patikrinimo aktas<\/u>;<\/li>\n<li>Vilniaus rajono savivaldyb\u0117s teritorijoje veikian\u010diam Valstyb\u0117s vaiko teisi\u0173 apsaugos ir \u012fvaikinimo tarnybos teritoriniam skyriui (toliau \u2013 Tarnyba), kad jis atlikt\u0173 fizinio asmens, norin\u010dio tapti vaiko glob\u0117ju (r\u016bpintoju) t\u0117v\u0173 pra\u0161ymu, <u>pradin\u012f \u012fvertinim\u0105<\/u>.<\/li>\n<\/ul>\n<ul>\n<li>Tarnybos teritorinis skyrius gav\u0119s registruotus dokumentus, ne v\u0117liau kaip <strong><u>per 20 kalendorini\u0173 dien\u0173<\/u><\/strong> privalo pateikti teigiam\u0105 arba neigiam\u0105 sprendim\u0105 d\u0117l si\u016blomo fizinio asmens tinkamumo tapti vaiko laikinuoju glob\u0117ju (r\u016bpintoju) t\u0117v\u0173 pra\u0161ymu.<\/li>\n<li>Tarnybai pri\u0117mus sprendim\u0105 <u>d\u0117l neigiamo pradinio \u012fvertinimo <\/u>d\u0117l si\u016blomo fizinio asmens tinkamumo tapti vaiko laikinuoju glob\u0117ju (r\u016bpintoju) t\u0117v\u0173 pra\u0161ymu, t\u0117vams nurodoma pasirinkti <u>kit\u0105 fizin\u012f asmen\u012f<\/u>.<\/li>\n<li>Savivaldyb\u0117s administracijai gavus Tarnybos <u>teigiam\u0105 pradin\u012f vertinim\u0105<\/u> d\u0117l si\u016blomo fizinio asmens tinkamumo tapti vaiko laikinuoju glob\u0117ju (r\u016bpintoju) t\u0117v\u0173 pra\u0161ymu, savivaldyb\u0117s administracijos direktoriaus \u012fsakymu <u>nuo t\u0117v\u0173 ra\u0161ytiniame pra\u0161yme nurodytos j\u0173 i\u0161vykimo i\u0161 Lietuvos Respublikos dienos <\/u>iki j\u0173 gr\u012f\u017eimo \u012f Lietuvos Respublik\u0105, ta\u010diau ne ilgesniam kaip <u>a\u0161tuoniolikos m\u0117nesi\u0173 laikotarpiui<\/u>, nustatoma vaiko laikinoji globa (r\u016bpyba) t\u0117v\u0173 pra\u0161ymu.<\/li>\n<li>Vaiko t\u0117vai privalo ne v\u0117liau kaip per <u>5 kalendorines<\/u> dienas nuo gr\u012f\u017eimo \u012f Lietuvos Respublik\u0105 ra\u0161tu apie tai informuoti savivaldyb\u0117s administracij\u0105.<\/li>\n<\/ul>\n<p>Pra\u0161ym\u0105 bei reikiamus dokumentus pateikti Vilniaus rajono savivaldyb\u0117s administracijos Socialini\u0173 paslaug\u0173 \u0161eimai ir vaikui skyriui, Rinktin\u0117s g. 50, Vilniuje, 220 kab.<\/p>\n<p><strong>Kontaktai pasiteirauti:<\/strong><\/p>\n<p>Ivona Stasilovi\u010d, tel. (8 5) 273 0068, <a href=\"mailto:Ivona.Stasilovic@vrsa.lt\">Ivona.Stasilovic@vrsa.lt<\/a><\/p>\n<p>Kristina Malinovska, tel. (8 5) 275 5615, <a href=\"mailto:Kristina.Malinovska@vrsa.lt\">Kristina.Malinovska@vrsa.lt<\/a><\/p>\n<p><strong>Konsultacijos teikiamos ir pilie\u010diai priimami:<\/strong><\/p>\n<ul>\n<li>pirmadieniais-ketvirtadieniais 7.30-16.30;<\/li>\n<li>penktadieniais 7.30-15.15;<\/li>\n<li>piet\u0173 pertrauka 11.30-12.15.<\/li>\n<\/ul>\n<p><a href=\"https:\/\/www.sauletekio.vilniausr.lm.lt\/wp-content\/uploads\/2019\/09\/Atmintin\u0117-laikinosios-globos-nustatymas-t\u0117v\u0173-pra\u0161ymu.pdf\">Atsisi\u0173sti PDF formatu<\/a><\/p>\n","protected":false},"excerpt":{"rendered":"<p>LAIKINOSIOS GLOBOS (R\u016aPYBOS) NUSTATYMAS T\u0116V\u0172 PRA\u0160YMU Vadovaudamiesi Lietuvos Respublikos socialin\u0117s apsaugos ir darbo ministro 2018 m. liepos 13 d. \u012fsakymo Nr. A1-368 \u201eD\u0117l Lietuvos Respublikos socialin\u0117s apsaugos ir darbo ministro 2002 m. baland\u017eio 18 d. \u012fsakymo Nr. 56 \u201eD\u0117l vaiko laikinosios globos (r\u016bpybos) nuostat\u0173 patvirtinimo\u201c pakeitimo\u201c 22 punktu, vaiko t\u0117vai&#8230;<\/p>\n<p> <a class=\"continue-reading-link\" href=\"https:\/\/www.sauletekio.vilniausr.lm.lt\/?p=9945\"><span>T\u0119sti skaitym\u0105<\/span><i class=\"crycon-right-dir\"><\/i><\/a> <\/p>\n","protected":false},"author":1,"featured_media":0,"comment_status":"closed","ping_status":"closed","sticky":false,"template":"","format":"standard","meta":{"_uag_custom_page_level_css":"","advgb_blocks_editor_width":"","advgb_blocks_columns_visual_guide":"","ngg_post_thumbnail":0,"footnotes":""},"categories":[10],"tags":[],"class_list":["post-9945","post","type-post","status-publish","format-standard","hentry","category-aktualus-skelbimai"],"author_meta":{"display_name":"admin","author_link":"https:\/\/www.sauletekio.vilniausr.lm.lt\/?author=1"},"featured_img":null,"uagb_featured_image_src":{"full":false,"thumbnail":false,"medium":false,"medium_large":false,"large":false,"1536x1536":false,"2048x2048":false,"post-thumbnail":false,"header":false,"slider":false,"columns":false,"custom":false},"uagb_author_info":{"display_name":"admin","author_link":"https:\/\/www.sauletekio.vilniausr.lm.lt\/?author=1"},"uagb_comment_info":0,"uagb_excerpt":"LAIKINOSIOS GLOBOS (R\u016aPYBOS) NUSTATYMAS T\u0116V\u0172 PRA\u0160YMU Vadovaudamiesi Lietuvos Respublikos socialin\u0117s apsaugos ir darbo ministro 2018 m. liepos 13 d. \u012fsakymo Nr. A1-368 \u201eD\u0117l Lietuvos Respublikos socialin\u0117s apsaugos ir darbo ministro 2002 m. baland\u017eio 18 d. \u012fsakymo Nr. 56 \u201eD\u0117l vaiko laikinosios globos (r\u016bpybos) nuostat\u0173 patvirtinimo\u201c pakeitimo\u201c 22 punktu, vaiko t\u0117vai... T\u0119sti skaitym\u0105","coauthors":[],"tax_additional":{"categories":{"linked":["<a href=\"https:\/\/www.sauletekio.vilniausr.lm.lt\/?cat=10\" class=\"advgb-post-tax-term\">Skelbimai<\/a>"],"unlinked":["<span class=\"advgb-post-tax-term\">Skelbimai<\/span>"]}},"comment_count":"0","relative_dates":{"created":"Posted 7 metai ago","modified":"Updated 6 metai ago"},"absolute_dates":{"created":"Posted on 2019-09-27","modified":"Updated on 2020-02-07"},"absolute_dates_time":{"created":"Posted on 2019-09-27 8:58","modified":"Updated on 2020-02-07 9:20"},"featured_img_caption":"","series_order":"","_links":{"self":[{"href":"https:\/\/www.sauletekio.vilniausr.lm.lt\/index.php?rest_route=\/wp\/v2\/posts\/9945","targetHints":{"allow":["GET"]}}],"collection":[{"href":"https:\/\/www.sauletekio.vilniausr.lm.lt\/index.php?rest_route=\/wp\/v2\/posts"}],"about":[{"href":"https:\/\/www.sauletekio.vilniausr.lm.lt\/index.php?rest_route=\/wp\/v2\/types\/post"}],"author":[{"embeddable":true,"href":"https:\/\/www.sauletekio.vilniausr.lm.lt\/index.php?rest_route=\/wp\/v2\/users\/1"}],"replies":[{"embeddable":true,"href":"https:\/\/www.sauletekio.vilniausr.lm.lt\/index.php?rest_route=%2Fwp%2Fv2%2Fcomments&post=9945"}],"version-history":[{"count":6,"href":"https:\/\/www.sauletekio.vilniausr.lm.lt\/index.php?rest_route=\/wp\/v2\/posts\/9945\/revisions"}],"predecessor-version":[{"id":10567,"href":"https:\/\/www.sauletekio.vilniausr.lm.lt\/index.php?rest_route=\/wp\/v2\/posts\/9945\/revisions\/10567"}],"wp:attachment":[{"href":"https:\/\/www.sauletekio.vilniausr.lm.lt\/index.php?rest_route=%2Fwp%2Fv2%2Fmedia&parent=9945"}],"wp:term":[{"taxonomy":"category","embeddable":true,"href":"https:\/\/www.sauletekio.vilniausr.lm.lt\/index.php?rest_route=%2Fwp%2Fv2%2Fcategories&post=9945"},{"taxonomy":"post_tag","embeddable":true,"href":"https:\/\/www.sauletekio.vilniausr.lm.lt\/index.php?rest_route=%2Fwp%2Fv2%2Ftags&post=9945"}],"curies":[{"name":"wp","href":"https:\/\/api.w.org\/{rel}","templated":true}]}}