{"id":9966,"date":"2019-10-07T11:31:32","date_gmt":"2019-10-07T09:31:32","guid":{"rendered":"https:\/\/www.sauletekio.vilniausr.lm.lt\/?p=9966"},"modified":"2020-02-07T09:20:08","modified_gmt":"2020-02-07T07:20:08","slug":"europos-kalbu-diena-5","status":"publish","type":"post","link":"https:\/\/www.sauletekio.vilniausr.lm.lt\/?p=9966","title":{"rendered":"Europos kalb\u0173 diena"},"content":{"rendered":"<div class=\"fcbkbttn_buttons_block\" id=\"fcbkbttn_left\"><div class=\"fcbkbttn_like \"><fb:like href=\"https:\/\/www.sauletekio.vilniausr.lm.lt\/?p=9966\" action=\"like\" colorscheme=\"light\" layout=\"button_count\"  size=\"small\"><\/fb:like><\/div><div class=\"fb-share-button  \" data-href=\"https:\/\/www.sauletekio.vilniausr.lm.lt\/?p=9966\" data-type=\"button_count\" data-size=\"small\"><\/div><\/div>\n<p>\u0160iais mokslo metais Bezdoni\u0173 ,,Saul\u0117tekio\u201c pagrindin\u0117je mokykloje Europos kalb\u0173 dienos min\u0117jimas vyko dviem etapais.<\/p>\n<p>Rugs\u0117jo 16 dien\u0105 5-10 klasi\u0173 mokiniams angl\u0173 kalbos pamokas ved\u0117 ir savo pedagogine patirtimi pasidalijo mokytojas, dailininkas bei ra\u0161ytojas i\u0161 Did\u017eiosios Britanijos Benjamin Archer. Mokiniams buvo \u012fdomu ir labai naudinga bendrauti su mokytoju, nes pokalbiai vyko tik angl\u0173 kalba. Mokytojas pasakojo apie savo gyvenim\u0105 &nbsp;ir veikl\u0105 Anglijoje.<\/p>\n<p>Antrasis Europos kalb\u0173 dienos min\u0117jimo etapas vyko rugs\u0117jo 26 dien\u0105 5-10 klasi\u0173 mokiniai dalyvavo protm\u016b\u0161yje, kuris vyko trimis kalbomis ( lietuvi\u0173, angl\u0173 bei rus\u0173). Mokiniai tur\u0117jo galimyb\u0119&nbsp; pasitikrinti savo \u017einias, darniai dirbti komandose bei bendrauti tarpusavyje.<\/p>\n<p>Sveikiname pirmos vietos nugal\u0117tojus &#8211; ,,Ne\u017einiuk\u0173\u201c komand\u0105!!!<\/p>\n\n\n\nngg_shortcode_0_placeholder\n\n\n\n<p>Lietuvi\u0173 kalbos vyresn. mokytoja \u017dana \u010cuividien\u0117,<br>angl\u0173 kalbos mokytoja Judita Kuralavi\u010di\u016bt\u0117,<br>rus\u0173 kalbos vyresn. mokytoja Vera \u0160apalova<\/p>\n","protected":false},"excerpt":{"rendered":"<p>\u0160iais mokslo metais Bezdoni\u0173 ,,Saul\u0117tekio\u201c pagrindin\u0117je mokykloje Europos kalb\u0173 dienos min\u0117jimas vyko dviem etapais. Rugs\u0117jo 16 dien\u0105 5-10 klasi\u0173 mokiniams angl\u0173 kalbos pamokas ved\u0117 ir savo pedagogine patirtimi pasidalijo mokytojas, dailininkas bei ra\u0161ytojas i\u0161 Did\u017eiosios Britanijos Benjamin Archer. Mokiniams buvo \u012fdomu ir labai naudinga bendrauti su mokytoju, nes pokalbiai vyko&#8230;<\/p>\n<p> <a class=\"continue-reading-link\" href=\"https:\/\/www.sauletekio.vilniausr.lm.lt\/?p=9966\"><span>T\u0119sti skaitym\u0105<\/span><i class=\"crycon-right-dir\"><\/i><\/a> <\/p>\n","protected":false},"author":1,"featured_media":9967,"comment_status":"closed","ping_status":"closed","sticky":false,"template":"","format":"standard","meta":{"_uag_custom_page_level_css":"","advgb_blocks_editor_width":"","advgb_blocks_columns_visual_guide":"","ngg_post_thumbnail":0,"footnotes":""},"categories":[1],"tags":[],"class_list":["post-9966","post","type-post","status-publish","format-standard","has-post-thumbnail","hentry","category-ugdymas"],"author_meta":{"display_name":"admin","author_link":"https:\/\/www.sauletekio.vilniausr.lm.lt\/?author=1"},"featured_img":"https:\/\/www.sauletekio.vilniausr.lm.lt\/wp-content\/uploads\/2019\/10\/image1-300x225.jpeg","uagb_featured_image_src":{"full":["https:\/\/www.sauletekio.vilniausr.lm.lt\/wp-content\/uploads\/2019\/10\/image1.jpeg",4032,3024,false],"thumbnail":["https:\/\/www.sauletekio.vilniausr.lm.lt\/wp-content\/uploads\/2019\/10\/image1-150x150.jpeg",150,150,true],"medium":["https:\/\/www.sauletekio.vilniausr.lm.lt\/wp-content\/uploads\/2019\/10\/image1-300x225.jpeg",300,225,true],"medium_large":["https:\/\/www.sauletekio.vilniausr.lm.lt\/wp-content\/uploads\/2019\/10\/image1-768x576.jpeg",768,576,true],"large":["https:\/\/www.sauletekio.vilniausr.lm.lt\/wp-content\/uploads\/2019\/10\/image1-1024x768.jpeg",800,600,true],"1536x1536":["https:\/\/www.sauletekio.vilniausr.lm.lt\/wp-content\/uploads\/2019\/10\/image1.jpeg",1536,1152,false],"2048x2048":["https:\/\/www.sauletekio.vilniausr.lm.lt\/wp-content\/uploads\/2019\/10\/image1.jpeg",2048,1536,false],"post-thumbnail":["https:\/\/www.sauletekio.vilniausr.lm.lt\/wp-content\/uploads\/2019\/10\/image1.jpeg",150,113,false],"header":["https:\/\/www.sauletekio.vilniausr.lm.lt\/wp-content\/uploads\/2019\/10\/image1.jpeg",240,180,false],"slider":["https:\/\/www.sauletekio.vilniausr.lm.lt\/wp-content\/uploads\/2019\/10\/image1.jpeg",773,580,false],"columns":["https:\/\/www.sauletekio.vilniausr.lm.lt\/wp-content\/uploads\/2019\/10\/image1.jpeg",400,300,false],"custom":["https:\/\/www.sauletekio.vilniausr.lm.lt\/wp-content\/uploads\/2019\/10\/image1.jpeg",350,263,false]},"uagb_author_info":{"display_name":"admin","author_link":"https:\/\/www.sauletekio.vilniausr.lm.lt\/?author=1"},"uagb_comment_info":0,"uagb_excerpt":"\u0160iais mokslo metais Bezdoni\u0173 ,,Saul\u0117tekio\u201c pagrindin\u0117je mokykloje Europos kalb\u0173 dienos min\u0117jimas vyko dviem etapais. Rugs\u0117jo 16 dien\u0105 5-10 klasi\u0173 mokiniams angl\u0173 kalbos pamokas ved\u0117 ir savo pedagogine patirtimi pasidalijo mokytojas, dailininkas bei ra\u0161ytojas i\u0161 Did\u017eiosios Britanijos Benjamin Archer. Mokiniams buvo \u012fdomu ir labai naudinga bendrauti su mokytoju, nes pokalbiai vyko... T\u0119sti skaitym\u0105","coauthors":[],"tax_additional":{"categories":{"linked":["<a href=\"https:\/\/www.sauletekio.vilniausr.lm.lt\/?cat=1\" class=\"advgb-post-tax-term\">Ugdymas<\/a>"],"unlinked":["<span class=\"advgb-post-tax-term\">Ugdymas<\/span>"]}},"comment_count":"0","relative_dates":{"created":"Posted 7 metai ago","modified":"Updated 6 metai ago"},"absolute_dates":{"created":"Posted on 2019-10-07","modified":"Updated on 2020-02-07"},"absolute_dates_time":{"created":"Posted on 2019-10-07 11:31","modified":"Updated on 2020-02-07 9:20"},"featured_img_caption":"","series_order":"","_links":{"self":[{"href":"https:\/\/www.sauletekio.vilniausr.lm.lt\/index.php?rest_route=\/wp\/v2\/posts\/9966","targetHints":{"allow":["GET"]}}],"collection":[{"href":"https:\/\/www.sauletekio.vilniausr.lm.lt\/index.php?rest_route=\/wp\/v2\/posts"}],"about":[{"href":"https:\/\/www.sauletekio.vilniausr.lm.lt\/index.php?rest_route=\/wp\/v2\/types\/post"}],"author":[{"embeddable":true,"href":"https:\/\/www.sauletekio.vilniausr.lm.lt\/index.php?rest_route=\/wp\/v2\/users\/1"}],"replies":[{"embeddable":true,"href":"https:\/\/www.sauletekio.vilniausr.lm.lt\/index.php?rest_route=%2Fwp%2Fv2%2Fcomments&post=9966"}],"version-history":[{"count":3,"href":"https:\/\/www.sauletekio.vilniausr.lm.lt\/index.php?rest_route=\/wp\/v2\/posts\/9966\/revisions"}],"predecessor-version":[{"id":10566,"href":"https:\/\/www.sauletekio.vilniausr.lm.lt\/index.php?rest_route=\/wp\/v2\/posts\/9966\/revisions\/10566"}],"wp:featuredmedia":[{"embeddable":true,"href":"https:\/\/www.sauletekio.vilniausr.lm.lt\/index.php?rest_route=\/wp\/v2\/media\/9967"}],"wp:attachment":[{"href":"https:\/\/www.sauletekio.vilniausr.lm.lt\/index.php?rest_route=%2Fwp%2Fv2%2Fmedia&parent=9966"}],"wp:term":[{"taxonomy":"category","embeddable":true,"href":"https:\/\/www.sauletekio.vilniausr.lm.lt\/index.php?rest_route=%2Fwp%2Fv2%2Fcategories&post=9966"},{"taxonomy":"post_tag","embeddable":true,"href":"https:\/\/www.sauletekio.vilniausr.lm.lt\/index.php?rest_route=%2Fwp%2Fv2%2Ftags&post=9966"}],"curies":[{"name":"wp","href":"https:\/\/api.w.org\/{rel}","templated":true}]}}